{"id":971842,"date":"2025-05-05T20:13:36","date_gmt":"2025-05-05T20:13:36","guid":{"rendered":"https:\/\/dimensionturistica.com\/es\/?p=971842"},"modified":"2025-05-05T20:13:36","modified_gmt":"2025-05-05T20:13:36","slug":"desfile-de-estilo-en-la-met-gala-2025-descubre-todos-los-atuendos-y-vestidos-de-celebridades","status":"publish","type":"post","link":"https:\/\/dimensionturistica.com\/es\/desfile-de-estilo-en-la-met-gala-2025-descubre-todos-los-atuendos-y-vestidos-de-celebridades\/","title":{"rendered":"Desfile de Estilo en la Met Gala 2025: Descubre Todos los Atuendos y Vestidos de Celebridades."},"content":{"rendered":"<h3>La Gala del Met 2025: Un Viaje a la Creatividad y el Glamour<\/h3>\n<p>El evento m\u00e1s esperado del a\u00f1o en el mundo de la moda, la Gala del Met, se ha consolidado como una plataforma donde el arte y el estilo se encuentran en un espect\u00e1culo deslumbrante. En 2025, la alfombra roja fue testigo de una explosi\u00f3n de creatividad y originalidad que dej\u00f3 a todos boquiabiertos, convirtiendo el Museo Metropolitano de Arte en un escenario de sue\u00f1os.<\/p>\n<p>Desde la llegada de las estrellas, el ambiente se impregn\u00f3 de entusiasmo. La diversidad de estilos y el notable sentido est\u00e9tico realizaron una danza multicultural que reson\u00f3 en cada rinc\u00f3n de la alfombra. Los dise\u00f1adores, con una imaginaci\u00f3n desbordante, ofrecieron un vistazo a las tendencias futuras y reinterpretaciones de \u00e9pocas pasadas, generando conversaciones que van m\u00e1s all\u00e1 de las prendas.<\/p>\n<p>Uno de los momentos m\u00e1s destacados fue la aparici\u00f3n de figuras ic\u00f3nicas que transformaron la gala en una celebraci\u00f3n del empoderamiento y la autoexpresi\u00f3n. A trav\u00e9s de cada atuendo, se contaron historias et\u00e9reas: desde vestidos que evocaban la grandeza de \u00e9pocas pasadas hasta piezas vanguardistas que desafiaban las normas convencionales. Por ejemplo, algunos asistentes sorprendieron al salir con atuendos que reflejaban un enfoque sostenible, subrayando una creciente conciencia sobre el impacto ambiental en la moda.<\/p>\n<p>La paleta de colores tambi\u00e9n fue un factor central en la narraci\u00f3n visual de la noche. Tonos vibrantes y audaces se entrelazaron con matices suaves, creando una sinfon\u00eda que celebr\u00f3 tanto la energ\u00eda de la juventud como la elegancia del clasicismo. Joyas impresionantes y accesorios cuidadosamente seleccionados complementaron los looks, aportando un brillo adicional que hizo resplandecer a los rostros de los asistentes.<\/p>\n<p>Los fot\u00f3grafos, cual cazadores de tesoros, inmortalizaron cada momento, mientras que los flashes capturaban la esencia de una celebraci\u00f3n que trasciende la moda misma. Las redes sociales, por supuesto, se inundaron de comentarios y an\u00e1lisis, donde tanto expertos como aficionados discutieron las elecciones de atuendo y su significado cultural.<\/p>\n<p>M\u00e1s all\u00e1 de la moda, la Gala del Met tambi\u00e9n sirve como un poderoso recordatorio del papel del arte en nuestras vidas. Cada dise\u00f1o es una obra maestra que invita a la reflexi\u00f3n y al di\u00e1logo, abriendo un espacio para que las voces creativas se escuchen. La gala no solo es un desfile de atuendos impresionantes; es una plataforma que promueve la innovaci\u00f3n y la imaginaci\u00f3n.<\/p>\n<p>Al final de la noche, los asistentes no solo llevaban a casa recuerdos deslumbrantes, sino tambi\u00e9n una renovada apreciaci\u00f3n por el arte y la moda. La Gala del Met 2025 reafirm\u00f3 su lugar como un punto de encuentro para la cultura y el talento, inspirando a todos a explorar su propia expresi\u00f3n creativa. As\u00ed, mientras los flashes se apagaban y las luces se atenuaban, qued\u00f3 claro que la esencia de la moda es mucho m\u00e1s que la apariencia; es un viaje constante hacia el descubrimiento de uno mismo. <\/p>\n<p>\u00bfQui\u00e9n sabe lo que nos deparar\u00e1 el futuro? Una cosa es segura: la Gala del Met seguir\u00e1 siendo un hito en el calendario cultural, un evento que combina glamour, arte y, sobre todo, una celebraci\u00f3n de la individualidad.<\/p>\n<p><em> &#8221; Sources www.vogue.com &#8221; <\/em><\/p>\n<p><em> &#8221; Fuentes www.vogue.com &#8221; <\/em><\/p>\n","protected":false},"excerpt":{"rendered":"<p>La Gala del Met 2025: Un Viaje a la Creatividad y el Glamour El evento m\u00e1s esperado del a\u00f1o en el mundo de la moda, la Gala del Met, se ha consolidado como una plataforma donde el arte y el estilo se encuentran en un espect\u00e1culo deslumbrante. En 2025, la alfombra roja fue testigo de [&hellip;]<\/p>\n","protected":false},"author":4,"featured_media":971843,"comment_status":"open","ping_status":"closed","sticky":false,"template":"","format":"standard","meta":{"om_disable_all_campaigns":false,"jnews-multi-image_gallery":[],"jnews_single_post":[],"jnews_primary_category":[],"jnews_social_meta":[],"footnotes":""},"categories":[144872],"tags":[47,205003,198519,201213,166,25759,203219,165,372,6194],"class_list":["post-971842","post","type-post","status-publish","format-standard","has-post-thumbnail","hentry","category-fashion","tag-celebrities","tag-celebrity-outfits","tag-dresses","tag-event-coverage","tag-fashion","tag-gala","tag-met-gala-2025","tag-red-carpet","tag-style","tag-trends"],"_links":{"self":[{"href":"https:\/\/dimensionturistica.com\/es\/wp-json\/wp\/v2\/posts\/971842","targetHints":{"allow":["GET"]}}],"collection":[{"href":"https:\/\/dimensionturistica.com\/es\/wp-json\/wp\/v2\/posts"}],"about":[{"href":"https:\/\/dimensionturistica.com\/es\/wp-json\/wp\/v2\/types\/post"}],"author":[{"embeddable":true,"href":"https:\/\/dimensionturistica.com\/es\/wp-json\/wp\/v2\/users\/4"}],"replies":[{"embeddable":true,"href":"https:\/\/dimensionturistica.com\/es\/wp-json\/wp\/v2\/comments?post=971842"}],"version-history":[{"count":0,"href":"https:\/\/dimensionturistica.com\/es\/wp-json\/wp\/v2\/posts\/971842\/revisions"}],"wp:featuredmedia":[{"embeddable":true,"href":"https:\/\/dimensionturistica.com\/es\/wp-json\/wp\/v2\/media\/971843"}],"wp:attachment":[{"href":"https:\/\/dimensionturistica.com\/es\/wp-json\/wp\/v2\/media?parent=971842"}],"wp:term":[{"taxonomy":"category","embeddable":true,"href":"https:\/\/dimensionturistica.com\/es\/wp-json\/wp\/v2\/categories?post=971842"},{"taxonomy":"post_tag","embeddable":true,"href":"https:\/\/dimensionturistica.com\/es\/wp-json\/wp\/v2\/tags?post=971842"}],"curies":[{"name":"wp","href":"https:\/\/api.w.org\/{rel}","templated":true}]}}