{"id":971642,"date":"2025-05-05T15:02:31","date_gmt":"2025-05-05T15:02:31","guid":{"rendered":"https:\/\/dimensionturistica.com\/es\/?p=971642"},"modified":"2025-05-05T15:02:31","modified_gmt":"2025-05-05T15:02:31","slug":"salud-lanza-un-taller-sobre-inmunizacion-para-viajeros-internacionales","status":"publish","type":"post","link":"https:\/\/dimensionturistica.com\/es\/salud-lanza-un-taller-sobre-inmunizacion-para-viajeros-internacionales\/","title":{"rendered":"Salud lanza un taller sobre inmunizaci\u00f3n para viajeros internacionales"},"content":{"rendered":"<p>La Consejer\u00eda de Salud y Consumo de Andaluc\u00eda, en colaboraci\u00f3n con la Escuela Andaluza de Salud P\u00fablica (EASP), ha lanzado un curso virtual destinado a profesionales de la salud, con el objetivo de actualizar y profundizar en los conocimientos sobre las infecciones m\u00e1s comunes asociadas a los viajes internacionales y las medidas preventivas recomendadas, incluyendo las vacunas pertinentes. <\/p>\n<p>Este curso, que se llevar\u00e1 a cabo del 8 de mayo al 8 de junio, ha recibido m\u00e1s de 530 solicitudes de profesionales de Medicina y Enfermer\u00eda de los Centros de Vacunaci\u00f3n Internacional, Atenci\u00f3n Primaria, Farmacia y centros privados, tanto de Andaluc\u00eda como de otras comunidades aut\u00f3nomas. <\/p>\n<p>El programa se estructura en varios m\u00f3dulos que abordan:<\/p>\n<ul>\n<li>\n<p><strong>Panor\u00e1mica general de la vacunaci\u00f3n en el contexto de los viajes internacionales<\/strong>: Incluye una visi\u00f3n actualizada de la situaci\u00f3n y el papel de los centros de vacunaci\u00f3n en la atenci\u00f3n sanitaria al viajero, considerando tanto las condiciones del destino como el perfil de salud de cada persona.<\/p>\n<\/li>\n<li>\n<p><strong>Infecciones transmitidas por vectores<\/strong>: Se analizan enfermedades como la fiebre amarilla, la rabia y la malaria, revisando las vacunas y profilaxis m\u00e1s eficaces, as\u00ed como los aspectos epidemiol\u00f3gicos, normativos y cl\u00ednicos relevantes para su administraci\u00f3n.<\/p>\n<\/li>\n<li>\n<p><strong>Infecciones asociadas al consumo de agua y alimentos contaminados<\/strong>: Se abordan enfermedades como el c\u00f3lera, la hepatitis A y B, y la fiebre tifoidea, revisando las vacunas disponibles, indicaciones y contraindicaciones.<\/p>\n<\/li>\n<li><strong>Casos especiales<\/strong>: Se centra en situaciones donde la planificaci\u00f3n sanitaria es crucial, como en mujeres embarazadas o en periodo de lactancia, menores, personas mayores, pacientes con patolog\u00edas previas y aquellas personas que viajan a visitar a familiares en sus pa\u00edses de origen.<\/li>\n<\/ul>\n<p>Este curso se enmarca en el compromiso de la Consejer\u00eda de Salud y Consumo de Andaluc\u00eda por mejorar la atenci\u00f3n al viajero internacional y ampliar la cobertura ante las necesidades de vacunaci\u00f3n previa a los viajes internacionales. <\/p>\n<p>Para m\u00e1s informaci\u00f3n sobre el curso y otros recursos relacionados con la vacunaci\u00f3n para viajes internacionales, se recomienda visitar la p\u00e1gina oficial del Plan de Vacunaciones de Andaluc\u00eda (Andavac).<\/p>\n<p><em> &#8221; Sources www.europapress.es &#8221; <\/em><\/p>\n<p><em> &#8221; Fuentes www.europapress.es &#8221; <\/em><\/p>\n","protected":false},"excerpt":{"rendered":"<p>La Consejer\u00eda de Salud y Consumo de Andaluc\u00eda, en colaboraci\u00f3n con la Escuela Andaluza de Salud P\u00fablica (EASP), ha lanzado un curso virtual destinado a profesionales de la salud, con el objetivo de actualizar y profundizar en los conocimientos sobre las infecciones m\u00e1s comunes asociadas a los viajes internacionales y las medidas preventivas recomendadas, incluyendo [&hellip;]<\/p>\n","protected":false},"author":4,"featured_media":971643,"comment_status":"open","ping_status":"closed","sticky":false,"template":"","format":"standard","meta":{"om_disable_all_campaigns":false,"jnews-multi-image_gallery":[],"jnews_single_post":[],"jnews_primary_category":[],"jnews_social_meta":[],"footnotes":""},"categories":[39],"tags":[7665,51407,1496,649,10616,544,10944,1423],"class_list":["post-971642","post","type-post","status-publish","format-standard","has-post-thumbnail","hentry","category-viajes","tag-curso","tag-inmunizacion","tag-prevencion","tag-salud","tag-salud-publica","tag-turismo","tag-vacunacion","tag-viajes-internacionales"],"_links":{"self":[{"href":"https:\/\/dimensionturistica.com\/es\/wp-json\/wp\/v2\/posts\/971642","targetHints":{"allow":["GET"]}}],"collection":[{"href":"https:\/\/dimensionturistica.com\/es\/wp-json\/wp\/v2\/posts"}],"about":[{"href":"https:\/\/dimensionturistica.com\/es\/wp-json\/wp\/v2\/types\/post"}],"author":[{"embeddable":true,"href":"https:\/\/dimensionturistica.com\/es\/wp-json\/wp\/v2\/users\/4"}],"replies":[{"embeddable":true,"href":"https:\/\/dimensionturistica.com\/es\/wp-json\/wp\/v2\/comments?post=971642"}],"version-history":[{"count":0,"href":"https:\/\/dimensionturistica.com\/es\/wp-json\/wp\/v2\/posts\/971642\/revisions"}],"wp:featuredmedia":[{"embeddable":true,"href":"https:\/\/dimensionturistica.com\/es\/wp-json\/wp\/v2\/media\/971643"}],"wp:attachment":[{"href":"https:\/\/dimensionturistica.com\/es\/wp-json\/wp\/v2\/media?parent=971642"}],"wp:term":[{"taxonomy":"category","embeddable":true,"href":"https:\/\/dimensionturistica.com\/es\/wp-json\/wp\/v2\/categories?post=971642"},{"taxonomy":"post_tag","embeddable":true,"href":"https:\/\/dimensionturistica.com\/es\/wp-json\/wp\/v2\/tags?post=971642"}],"curies":[{"name":"wp","href":"https:\/\/api.w.org\/{rel}","templated":true}]}}