{"id":971241,"date":"2025-05-04T15:51:23","date_gmt":"2025-05-04T15:51:23","guid":{"rendered":"https:\/\/dimensionturistica.com\/es\/?p=971241"},"modified":"2025-05-04T15:51:23","modified_gmt":"2025-05-04T15:51:23","slug":"cafe-con-nata-y-clip-de-garra-el-verano-ya-esta-aqui-para-kendall-jenner","status":"publish","type":"post","link":"https:\/\/dimensionturistica.com\/es\/cafe-con-nata-y-clip-de-garra-el-verano-ya-esta-aqui-para-kendall-jenner\/","title":{"rendered":"Caf\u00e9 con Nata y Clip de Garra: El Verano Ya Est\u00e1 Aqu\u00ed para Kendall Jenner"},"content":{"rendered":"<p><strong>Un Viaje Estiloso: La Magia de los Accesorios Veraniegos<\/strong><\/p>\n<p>\u00bfQui\u00e9n dice que el estilo y la funcionalidad no pueden ir de la mano? En la temporada veraniega, cuando el calor invita a disfrutar del aire libre, los accesorios juegan un papel crucial en nuestros outfits. Un claro ejemplo de esta fusi\u00f3n es el uso de las pinzas para el cabello, que han regresado con fuerza y se han convertido en el accesorio imprescindible del verano. <\/p>\n<p>Imagina una tarde soleada: un paseo por las calles de la ciudad, mientras disfrutas de un delicioso helado. El ambiente vibrante y festivo es el escenario perfecto para mostrar tu estilo personal. Las pinzas para el cabello no solo ofrecen una soluci\u00f3n pr\u00e1ctica para mantener a raya esos mechones rebeldes, sino que tambi\u00e9n aportan un toque de elegancia y diversi\u00f3n a cualquier conjunto.<\/p>\n<p>Opta por una pinza de gran tama\u00f1o en colores vibrantes o estampados llamativos, que pueden ser el punto focal de tu look veraniego. Comb\u00ednala con una blusa ligera y un par de pantalones cortos, d\u00e1ndole un aire fresco y desenfadado. \u00bfY qu\u00e9 mejor que un helado para complementar ese conjunto? Los sabores frutales y refrescantes son ideales para combatir el calor y, al mismo tiempo, son una explosi\u00f3n visual en tu paleta de verano.<\/p>\n<p>Los helados se han convertido en un s\u00edmbolo de la temporada, y cada vez m\u00e1s lugares ofrecen opciones artesanales que van m\u00e1s all\u00e1 de los cl\u00e1sicos. Desde helados con infusiones \u00fanicas hasta opciones veganas, hay un mundo de sabores esperando ser descubierto. A medida que exploras, captura esos momentos: una risa compartida, un sabor sorprendente y, por supuesto, tu estilo personal en su m\u00e1xima expresi\u00f3n.<\/p>\n<p>Este verano, permite que tus accesorios hablen de ti. Las pinzas para el cabello no solo son una herramienta pr\u00e1ctica, sino un reflejo de tu creatividad y originalidad. Al final del d\u00eda, lo que realmente importa es disfrutar de cada instante, ya sea con un helado en mano o combinando tu look con esos peque\u00f1os detalles que marcan la diferencia.<\/p>\n<p>Atr\u00e9vete a salir, experimentar y disfrutar al m\u00e1ximo de cada d\u00eda. Con una pinza estilizada y un helado en mano, \u00a1el verano tiene su propio estilo!<\/p>\n<p><em> &#8221; Sources www.vogue.com &#8221; <\/em><\/p>\n<p><em> &#8221; Fuentes www.vogue.com &#8221; <\/em><\/p>\n","protected":false},"excerpt":{"rendered":"<p>Un Viaje Estiloso: La Magia de los Accesorios Veraniegos \u00bfQui\u00e9n dice que el estilo y la funcionalidad no pueden ir de la mano? En la temporada veraniega, cuando el calor invita a disfrutar del aire libre, los accesorios juegan un papel crucial en nuestros outfits. Un claro ejemplo de esta fusi\u00f3n es el uso de [&hellip;]<\/p>\n","protected":false},"author":4,"featured_media":971242,"comment_status":"open","ping_status":"closed","sticky":false,"template":"","format":"standard","meta":{"om_disable_all_campaigns":false,"jnews-multi-image_gallery":[],"jnews_single_post":[],"jnews_primary_category":[],"jnews_social_meta":[],"footnotes":""},"categories":[144872],"tags":[222107,237,222108,166,17538,309,24096],"class_list":["post-971241","post","type-post","status-publish","format-standard","has-post-thumbnail","hentry","category-fashion","tag-caffe-panna","tag-celebrity","tag-claw-clip","tag-fashion","tag-kendall-jenner","tag-lifestyle","tag-summer"],"_links":{"self":[{"href":"https:\/\/dimensionturistica.com\/es\/wp-json\/wp\/v2\/posts\/971241","targetHints":{"allow":["GET"]}}],"collection":[{"href":"https:\/\/dimensionturistica.com\/es\/wp-json\/wp\/v2\/posts"}],"about":[{"href":"https:\/\/dimensionturistica.com\/es\/wp-json\/wp\/v2\/types\/post"}],"author":[{"embeddable":true,"href":"https:\/\/dimensionturistica.com\/es\/wp-json\/wp\/v2\/users\/4"}],"replies":[{"embeddable":true,"href":"https:\/\/dimensionturistica.com\/es\/wp-json\/wp\/v2\/comments?post=971241"}],"version-history":[{"count":0,"href":"https:\/\/dimensionturistica.com\/es\/wp-json\/wp\/v2\/posts\/971241\/revisions"}],"wp:featuredmedia":[{"embeddable":true,"href":"https:\/\/dimensionturistica.com\/es\/wp-json\/wp\/v2\/media\/971242"}],"wp:attachment":[{"href":"https:\/\/dimensionturistica.com\/es\/wp-json\/wp\/v2\/media?parent=971241"}],"wp:term":[{"taxonomy":"category","embeddable":true,"href":"https:\/\/dimensionturistica.com\/es\/wp-json\/wp\/v2\/categories?post=971241"},{"taxonomy":"post_tag","embeddable":true,"href":"https:\/\/dimensionturistica.com\/es\/wp-json\/wp\/v2\/tags?post=971241"}],"curies":[{"name":"wp","href":"https:\/\/api.w.org\/{rel}","templated":true}]}}