{"id":971208,"date":"2025-05-04T14:08:45","date_gmt":"2025-05-04T14:08:45","guid":{"rendered":"https:\/\/dimensionturistica.com\/es\/?p=971208"},"modified":"2025-05-04T14:08:45","modified_gmt":"2025-05-04T14:08:45","slug":"se-recordo-el-43o-aniversario-del-hundimiento-del-crucero-ara-gral-belgrano","status":"publish","type":"post","link":"https:\/\/dimensionturistica.com\/es\/se-recordo-el-43o-aniversario-del-hundimiento-del-crucero-ara-gral-belgrano\/","title":{"rendered":"Se record\u00f3 el 43\u00ba aniversario del hundimiento del Crucero ARA \u201cGral. Belgrano\u201d."},"content":{"rendered":"<h3>Conmemoraci\u00f3n de la Memoria: 43 A\u00f1os del Hundimiento del ARA General Belgrano<\/h3>\n<p>Salta, una provincia Argentina conocida por su rica cultura y paisajes deslumbrantes, se convierte en el escenario de una ceremonia conmovedora que recuerda un importante hito en la historia naval del pa\u00eds. En el 43 aniversario del hundimiento del crucero ARA General Belgrano, diversas autoridades, veteranos y ciudadanos se congregaron para honrar la memoria de quienes perdieron la vida en este tr\u00e1gico evento.<\/p>\n<p>El ARA General Belgrano, un s\u00edmbolo de la Armada Argentina, fue hundido durante la Guerra de las Malvinas el 2 de mayo de 1982. Esta tragedia no solo representa una p\u00e9rdida significativa para la naci\u00f3n, sino que tambi\u00e9n marca un cap\u00edtulo doloroso de la historia contempor\u00e1nea argentina. La ceremonia, celebrada en el Monumento a los Ca\u00eddos en la Guerra de Malvinas, fue un espacio de reflexi\u00f3n y homenaje, donde las generaciones pasadas y presentes se unieron en un lazo de respeto y recuerdo.<\/p>\n<p>El acto se caracteriz\u00f3 por momentos emotivos, donde se realiz\u00f3 el izamiento de la bandera y se escucharon palabras de veteranos, quienes compartieron sus experiencias y el impacto que tuvo la guerra en sus vidas. Este tipo de encuentros no solo sirven para recordar a los ca\u00eddos, sino que tambi\u00e9n fomentan una cultura de paz y entendimiento entre las nuevas generaciones.<\/p>\n<p>Adem\u00e1s de la solemnidad del evento, Salta ofrece un tel\u00f3n de fondo espectacular para este tipo de conmemoraciones. Con su arquitectura colonial, paisajes monta\u00f1osos y una gastronom\u00eda que cautiva los sentidos, la provincia es un destino que invita a los turistas a explorar y aprender m\u00e1s sobre su historia. Los visitantes pueden disfrutar de excursiones por el cerro San Bernardo, recorrer la ciudad con sus iglesias y museos, o degustar la tradicional empanada salte\u00f1a en alguno de sus acogedores restaurantes.<\/p>\n<p>La conmemoraci\u00f3n del hundimiento del ARA General Belgrano no se limita a un acto de recuerdo; es una oportunidad para que tanto locales como turistas se acerquen a comprender los sacrificios que han marcado la identidad nacional. Participar en estos eventos es sumergirse en una narrativa rica que resuena con el esp\u00edritu de lucha y resiliencia del pueblo argentino.<\/p>\n<p>El turismo en Salta, por tanto, ofrece m\u00e1s que solo paisajes pintorescos; invita a una conexi\u00f3n m\u00e1s profunda con la historia y la cultura de la regi\u00f3n. As\u00ed, el 43 aniversario del ARA General Belgrano se convierte en un recordatorio de que la memoria es una parte vital del viaje, donde cada piedra, cada calle y cada historia cuentan.<\/p>\n<p>Visitar Salta durante esta \u00e9poca significativa es no solo un deleite para los sentidos, sino tambi\u00e9n una manera de rendir homenaje a aquellos que, a trav\u00e9s de su vida y sacrificio, han hecho de Argentina un pa\u00eds m\u00e1s consciente de su historia y su futuro. La celebraci\u00f3n de la memoria en esta provincia es, sin duda, un viaje que invita a explorar el pasado y abrazar la esperanza de un ma\u00f1ana mejor.<\/p>\n<p><em> &#8221; Sources www.salta.gob.ar &#8221; <\/em><\/p>\n<p><em> &#8221; Fuentes www.salta.gob.ar &#8221; <\/em><\/p>\n","protected":false},"excerpt":{"rendered":"<p>Conmemoraci\u00f3n de la Memoria: 43 A\u00f1os del Hundimiento del ARA General Belgrano Salta, una provincia Argentina conocida por su rica cultura y paisajes deslumbrantes, se convierte en el escenario de una ceremonia conmovedora que recuerda un importante hito en la historia naval del pa\u00eds. En el 43 aniversario del hundimiento del crucero ARA General Belgrano, [&hellip;]<\/p>\n","protected":false},"author":4,"featured_media":971209,"comment_status":"open","ping_status":"closed","sticky":false,"template":"","format":"standard","meta":{"om_disable_all_campaigns":false,"jnews-multi-image_gallery":[],"jnews_single_post":[],"jnews_primary_category":[],"jnews_social_meta":[],"footnotes":""},"categories":[41],"tags":[222102,768,51130,99680,221865,180358,1817,49745,2341],"class_list":["post-971208","post","type-post","status-publish","format-standard","has-post-thumbnail","hentry","category-cruceros","tag-43o-aniversario","tag-argentina","tag-conflictos","tag-conmemoracion","tag-crucero-ara-gral-belgrano","tag-historia-naval","tag-hundimiento","tag-memoria-historica","tag-militares"],"_links":{"self":[{"href":"https:\/\/dimensionturistica.com\/es\/wp-json\/wp\/v2\/posts\/971208","targetHints":{"allow":["GET"]}}],"collection":[{"href":"https:\/\/dimensionturistica.com\/es\/wp-json\/wp\/v2\/posts"}],"about":[{"href":"https:\/\/dimensionturistica.com\/es\/wp-json\/wp\/v2\/types\/post"}],"author":[{"embeddable":true,"href":"https:\/\/dimensionturistica.com\/es\/wp-json\/wp\/v2\/users\/4"}],"replies":[{"embeddable":true,"href":"https:\/\/dimensionturistica.com\/es\/wp-json\/wp\/v2\/comments?post=971208"}],"version-history":[{"count":0,"href":"https:\/\/dimensionturistica.com\/es\/wp-json\/wp\/v2\/posts\/971208\/revisions"}],"wp:featuredmedia":[{"embeddable":true,"href":"https:\/\/dimensionturistica.com\/es\/wp-json\/wp\/v2\/media\/971209"}],"wp:attachment":[{"href":"https:\/\/dimensionturistica.com\/es\/wp-json\/wp\/v2\/media?parent=971208"}],"wp:term":[{"taxonomy":"category","embeddable":true,"href":"https:\/\/dimensionturistica.com\/es\/wp-json\/wp\/v2\/categories?post=971208"},{"taxonomy":"post_tag","embeddable":true,"href":"https:\/\/dimensionturistica.com\/es\/wp-json\/wp\/v2\/tags?post=971208"}],"curies":[{"name":"wp","href":"https:\/\/api.w.org\/{rel}","templated":true}]}}