{"id":971105,"date":"2025-05-04T03:28:01","date_gmt":"2025-05-04T03:28:01","guid":{"rendered":"https:\/\/dimensionturistica.com\/es\/?p=971105"},"modified":"2025-05-04T03:28:01","modified_gmt":"2025-05-04T03:28:01","slug":"colision-causa-congestion-en-concurrido-cruce-vial","status":"publish","type":"post","link":"https:\/\/dimensionturistica.com\/es\/colision-causa-congestion-en-concurrido-cruce-vial\/","title":{"rendered":"Colisi\u00f3n causa congesti\u00f3n en concurrido cruce vial."},"content":{"rendered":"<p>En el bullicioso cruce de la avenida Adolfo L\u00f3pez Mateos y la calle Ej\u00e9rcito Nacional en Ciudad Ju\u00e1rez, un accidente vehicular reciente ha puesto de manifiesto la importancia de la seguridad vial en zonas de alto tr\u00e1nsito. Este incidente, aunque afortunadamente sin v\u00edctimas, gener\u00f3 un notable congestionamiento en una de las arterias m\u00e1s transitadas de la ciudad.<\/p>\n<p>El choque involucr\u00f3 a un veh\u00edculo Hyundai que circulaba de norte a sur y que intentaba incorporarse a la calle Ej\u00e9rcito Nacional. En ese momento, colision\u00f3 con un Fiat gris que se desplazaba de poniente a oriente por dicha v\u00eda. A pesar de la colisi\u00f3n, no se reportaron personas lesionadas, pero el tr\u00e1fico se vio afectado temporalmente, complicando el paso de otros automovilistas.<\/p>\n<p>Este tipo de incidentes resalta la necesidad de mantener una conducci\u00f3n responsable y respetuosa de las se\u00f1ales de tr\u00e1nsito, especialmente en intersecciones de alto flujo vehicular. La presencia de agentes de la Coordinaci\u00f3n de Seguridad Vial en el lugar fue fundamental para tomar conocimiento del suceso y deslindar responsabilidades entre los conductores involucrados.<\/p>\n<p>Para los viajeros que transitan por Ciudad Ju\u00e1rez, es esencial estar atentos a las condiciones del tr\u00e1fico y considerar posibles desv\u00edos en rutas concurridas. La seguridad vial es responsabilidad de todos, y peque\u00f1os actos de precauci\u00f3n pueden marcar la diferencia en la prevenci\u00f3n de accidentes y en la fluidez del tr\u00e1nsito.<\/p>\n<p><em> &#8221; Sources netnoticias.mx &#8221; <\/em><\/p>\n<p><em> &#8221; Fuentes netnoticias.mx &#8221; <\/em><\/p>\n","protected":false},"excerpt":{"rendered":"<p>En el bullicioso cruce de la avenida Adolfo L\u00f3pez Mateos y la calle Ej\u00e9rcito Nacional en Ciudad Ju\u00e1rez, un accidente vehicular reciente ha puesto de manifiesto la importancia de la seguridad vial en zonas de alto tr\u00e1nsito. Este incidente, aunque afortunadamente sin v\u00edctimas, gener\u00f3 un notable congestionamiento en una de las arterias m\u00e1s transitadas de [&hellip;]<\/p>\n","protected":false},"author":4,"featured_media":971106,"comment_status":"open","ping_status":"closed","sticky":false,"template":"","format":"standard","meta":{"om_disable_all_campaigns":false,"jnews-multi-image_gallery":[],"jnews_single_post":[],"jnews_primary_category":[],"jnews_social_meta":[],"footnotes":""},"categories":[41],"tags":[152864,2270,32964,27744,1493,39573,3991,194011,1815,222054,1334,222053,10373,222059,14137,37243,20000,22763,1280,4060,222060,222058,4625,34269,18764,222057,2273,222056,222055,76893,142925,61670,23734,6963,83831,1268,6512,705,200894,2370,2967,4640,161820,222052,16180,986,36406,2097,784,1764,159395,122176,16432],"class_list":["post-971105","post","type-post","status-publish","format-standard","has-post-thumbnail","hentry","category-cruceros","tag-aacuterea","tag-accidente","tag-acudieron","tag-adolfo","tag-afectaciones","tag-avenida","tag-calle","tag-causoacute","tag-choque","tag-circulaba","tag-ciudad","tag-ciudadel","tag-color","tag-complicando","tag-conductores","tag-congestion","tag-conocimiento","tag-cruce","tag-crucero","tag-cuando","tag-deslindar","tag-desplazaba","tag-entre","tag-flujo","tag-hyundai","tag-impactoacute","tag-incidente","tag-incorporarse","tag-intentaba","tag-involucrados","tag-juaacuterez","tag-loacutepez","tag-lesionadas","tag-lugar","tag-mateos","tag-nacional","tag-norte","tag-noticias","tag-ocurrioacute","tag-oriente","tag-otros","tag-personas","tag-poniente","tag-provocoacute","tag-reportaron","tag-seguridad","tag-tarde","tag-tomar","tag-trafico","tag-transito","tag-vehicular","tag-viales","tag-vialidad"],"_links":{"self":[{"href":"https:\/\/dimensionturistica.com\/es\/wp-json\/wp\/v2\/posts\/971105","targetHints":{"allow":["GET"]}}],"collection":[{"href":"https:\/\/dimensionturistica.com\/es\/wp-json\/wp\/v2\/posts"}],"about":[{"href":"https:\/\/dimensionturistica.com\/es\/wp-json\/wp\/v2\/types\/post"}],"author":[{"embeddable":true,"href":"https:\/\/dimensionturistica.com\/es\/wp-json\/wp\/v2\/users\/4"}],"replies":[{"embeddable":true,"href":"https:\/\/dimensionturistica.com\/es\/wp-json\/wp\/v2\/comments?post=971105"}],"version-history":[{"count":0,"href":"https:\/\/dimensionturistica.com\/es\/wp-json\/wp\/v2\/posts\/971105\/revisions"}],"wp:featuredmedia":[{"embeddable":true,"href":"https:\/\/dimensionturistica.com\/es\/wp-json\/wp\/v2\/media\/971106"}],"wp:attachment":[{"href":"https:\/\/dimensionturistica.com\/es\/wp-json\/wp\/v2\/media?parent=971105"}],"wp:term":[{"taxonomy":"category","embeddable":true,"href":"https:\/\/dimensionturistica.com\/es\/wp-json\/wp\/v2\/categories?post=971105"},{"taxonomy":"post_tag","embeddable":true,"href":"https:\/\/dimensionturistica.com\/es\/wp-json\/wp\/v2\/tags?post=971105"}],"curies":[{"name":"wp","href":"https:\/\/api.w.org\/{rel}","templated":true}]}}