{"id":970352,"date":"2025-05-02T09:42:32","date_gmt":"2025-05-02T09:42:32","guid":{"rendered":"https:\/\/dimensionturistica.com\/es\/?p=970352"},"modified":"2025-05-02T09:42:32","modified_gmt":"2025-05-02T09:42:32","slug":"mazatlan-da-inicio-a-la-temporada-baja-de-cruceros-turisticos","status":"publish","type":"post","link":"https:\/\/dimensionturistica.com\/es\/mazatlan-da-inicio-a-la-temporada-baja-de-cruceros-turisticos\/","title":{"rendered":"Mazatl\u00e1n da inicio a la temporada baja de cruceros tur\u00edsticos."},"content":{"rendered":"<h2>Descubriendo Mazatl\u00e1n: Un Tesoro Tur\u00edstico en Temporada Baja<\/h2>\n<p>Mazatl\u00e1n, conocido como la &quot;Perla del Pac\u00edfico&quot;, se prepara para una nueva etapa de su temporada baja en la llegada de cruceros tur\u00edsticos. Mientras otros destinos se ven colmados de visitantes en los meses picos, la ciudad sinaloense ofrece una experiencia aut\u00e9ntica que atrae a aquellos que buscan tranquilidad y conexi\u00f3n con la cultura local.<\/p>\n<h3>Una Oportunidad para Conocer M\u00e1s a Fondo<\/h3>\n<p>Durante los periodos de menor afluencia, Mazatl\u00e1n se transforma, permitiendo a los viajeros adentrarse en su esencia. Las playas son menos concurridas, lo que brinda la oportunidad de disfrutar de un relajante d\u00eda bajo el sol sin el bullicio de grandes multitudes. Los restaurantes locales, normalmente repletos, ofrecen un ambiente m\u00e1s acogedor, permitiendo a los visitantes saborear la deliciosa gastronom\u00eda regional en un ambiente m\u00e1s \u00edntimo. Desde los mariscos frescos hasta platillos t\u00edpicos como el ceviche y el aguachile, la experiencia culinaria se vuelve un viaje en s\u00ed misma.<\/p>\n<h3>Actividades que Sobresalen<\/h3>\n<p>La temporada baja no significa una escasez de actividades, sino m\u00e1s bien una invitaci\u00f3n a explorar. Los amantes de la naturaleza pueden aprovechar este tiempo para realizar excursiones a las islas cercanas, como la Isla de la Piedra, donde se puede nadar, hacer snorkel o simplemente disfrutar de un d\u00eda en la playa. Adem\u00e1s, hay m\u00faltiples senderos y \u00e1reas naturales que ofrecen vistas impresionantes del atardecer.<\/p>\n<p>Los eventos culturales tambi\u00e9n se multiplican. Las festividades locales, ferias y muestras de arte se dan cita, proporcionando a los turistas una mirada hacia las tradiciones y costumbres que definen a esta vibrante comunidad. Al interactuar con los lugare\u00f1os, los visitantes pueden aprender sobre la historia de Mazatl\u00e1n, desde su pasado como un enclave pesquero hasta su evoluci\u00f3n como un destino tur\u00edstico global.<\/p>\n<h3>Acceso y Servicios<\/h3>\n<p>Mazatl\u00e1n cuenta con un moderno puerto de cruceros, que se convierte en la puerta de entrada para los turistas. Sin embargo, en esta temporada, los servicios se ajustan para ofrecer una experiencia m\u00e1s personalizada. Las operadoras tur\u00edsticas locales preparan recorridos adaptados a grupos peque\u00f1os, lo que permite una atenci\u00f3n m\u00e1s directa y un aprendizaje m\u00e1s profundo sobre cada rinc\u00f3n de la ciudad. <\/p>\n<h3>El Encanto de la Temporada Baja<\/h3>\n<p>Elegir visitar Mazatl\u00e1n durante su temporada baja puede ser una de las decisiones m\u00e1s gratificantes para quienes buscan escapar del turismo masivo. La conexi\u00f3n con la cultura local, la oportunidad de disfrutar de la belleza natural y la amabilidad de su gente hacen que este destino sea un lugar donde cada d\u00eda ofrece una nueva aventura. <\/p>\n<p>En resumen, Mazatl\u00e1n, en su versi\u00f3n menos tur\u00edstica, es un oasis de serenidad que sigue cautivando a viajeros en busca de experiencias aut\u00e9nticas. Si planeas un viaje, esta es la temporada ideal para descubrir el lado m\u00e1s encantador de este destino costero.<\/p>\n<p><em> &#8221; Sources oem.com.mx &#8221; <\/em><\/p>\n<p><em> &#8221; Fuentes oem.com.mx &#8221; <\/em><\/p>\n","protected":false},"excerpt":{"rendered":"<p>Descubriendo Mazatl\u00e1n: Un Tesoro Tur\u00edstico en Temporada Baja Mazatl\u00e1n, conocido como la &quot;Perla del Pac\u00edfico&quot;, se prepara para una nueva etapa de su temporada baja en la llegada de cruceros tur\u00edsticos. Mientras otros destinos se ven colmados de visitantes en los meses picos, la ciudad sinaloense ofrece una experiencia aut\u00e9ntica que atrae a aquellos que [&hellip;]<\/p>\n","protected":false},"author":4,"featured_media":970307,"comment_status":"open","ping_status":"closed","sticky":false,"template":"","format":"standard","meta":{"om_disable_all_campaigns":false,"jnews-multi-image_gallery":[],"jnews_single_post":[],"jnews_primary_category":[],"jnews_social_meta":[],"footnotes":""},"categories":[41],"tags":[15190,15557,715,1099,705,1411,30076,544,545],"class_list":["post-970352","post","type-post","status-publish","format-standard","has-post-thumbnail","hentry","category-cruceros","tag-actividades-recreativas","tag-cruceros-turisticos","tag-economia","tag-mazatlan","tag-noticias","tag-puerto","tag-temporada-baja","tag-turismo","tag-viajes"],"_links":{"self":[{"href":"https:\/\/dimensionturistica.com\/es\/wp-json\/wp\/v2\/posts\/970352","targetHints":{"allow":["GET"]}}],"collection":[{"href":"https:\/\/dimensionturistica.com\/es\/wp-json\/wp\/v2\/posts"}],"about":[{"href":"https:\/\/dimensionturistica.com\/es\/wp-json\/wp\/v2\/types\/post"}],"author":[{"embeddable":true,"href":"https:\/\/dimensionturistica.com\/es\/wp-json\/wp\/v2\/users\/4"}],"replies":[{"embeddable":true,"href":"https:\/\/dimensionturistica.com\/es\/wp-json\/wp\/v2\/comments?post=970352"}],"version-history":[{"count":0,"href":"https:\/\/dimensionturistica.com\/es\/wp-json\/wp\/v2\/posts\/970352\/revisions"}],"wp:featuredmedia":[{"embeddable":true,"href":"https:\/\/dimensionturistica.com\/es\/wp-json\/wp\/v2\/media\/970307"}],"wp:attachment":[{"href":"https:\/\/dimensionturistica.com\/es\/wp-json\/wp\/v2\/media?parent=970352"}],"wp:term":[{"taxonomy":"category","embeddable":true,"href":"https:\/\/dimensionturistica.com\/es\/wp-json\/wp\/v2\/categories?post=970352"},{"taxonomy":"post_tag","embeddable":true,"href":"https:\/\/dimensionturistica.com\/es\/wp-json\/wp\/v2\/tags?post=970352"}],"curies":[{"name":"wp","href":"https:\/\/api.w.org\/{rel}","templated":true}]}}