{"id":97035,"date":"2021-03-17T01:09:28","date_gmt":"2021-03-17T01:09:28","guid":{"rendered":"https:\/\/dimensionturistica.com\/es\/?p=97035"},"modified":"2021-03-17T01:09:28","modified_gmt":"2021-03-17T01:09:28","slug":"iran-revela-la-existencia-de-una-ciudad-de-los-misiles-con-proyectiles-balisticos-y-de-crucero","status":"publish","type":"post","link":"https:\/\/dimensionturistica.com\/es\/iran-revela-la-existencia-de-una-ciudad-de-los-misiles-con-proyectiles-balisticos-y-de-crucero\/","title":{"rendered":"Ir\u00e1n revela la existencia de una &#8220;ciudad de los misiles&#8221; con proyectiles bal\u00edsticos y de crucero"},"content":{"rendered":"<p> <br \/>\n<\/p>\n<div itemprop=\"text\">\n<div class=\"entradilla\">\n<p>La Guardia Revolucionaria de Ir\u00e1n dio a conocer este lunes la existencia de una nueva &#8220;ciudad de misiles&#8221; de distinto alcance, lo que muestra su intenci\u00f3n de seguir desarrollando estos programas armament\u00edsticos pese a la presi\u00f3n de Estados Unidos.<\/p>\n<\/div>\n<p><img decoding=\"async\" loading=\"lazy\" class=\"aligncenter size-full wp-image-1253534\" title=\" | \" src=\"https:\/\/dimensionturistica.com\/es\/wp-content\/uploads\/2021\/03\/Iran-revela-la-existencia-de-una-ciudad-de-los-misiles.jpg\" alt=\"\" width=\"1920\" height=\"1281\"  \/>Este <strong>dep\u00f3sito de la Fuerza Marina de los Guardianes,<\/strong> cuya localizaci\u00f3n se mantiene en secreto, incluye <strong>sistemas de misiles bal\u00edsticos y de crucero,<\/strong> seg\u00fan lo publicado por la p\u00e1gina oficial de este grupo militar de \u00e9lite, Sepah Information.<\/p>\n<p>Durante la presentaci\u00f3n de la <strong>&#8220;ciudad de los misiles&#8221;<\/strong>, el jefe de la Fuerza Marina, Al\u00ed Reza Tangsiri, subray\u00f3 que la capacidad de misiles del pa\u00eds, desarrollada por expertos nacionales,<strong> &#8220;ofrece superioridad en el campo de batalla&#8221;. <\/strong>Tangsiri advirti\u00f3 de que se seguir\u00e1 fortaleciendo a la Armada de la Guardia Revolucionaria y que <strong>los enemigos recibir\u00e1n un &#8220;golpe mortal&#8221; en caso de cualquier agresi\u00f3n<\/strong> contra Ir\u00e1n.<\/p>\n<p>Por su parte, el comandante en jefe de la Guardia Revolucionaria, Hosein Salam\u00ed, indic\u00f3 que los enemigos &#8220;han fallado en sus siniestras estrategias mientras cada d\u00eda aumentan los logros (militares) del sistema isl\u00e1mico&#8221;. &#8220;Nuestro poder de defensa se est\u00e1 expandiendo en base a nuestras capacidades internas y hoy los nuevos desarrollos en el \u00e1rea de la guerra electr\u00f3nica son considerados parte de nuestras capacidades&#8221;, agreg\u00f3.<\/p>\n<p>Durante el acto se hizo asimismo entrega a la Fuerza Marina de <strong>sistemas de misiles con nuevas capacidades como el lanzamiento de minas<\/strong> y la<strong> posibilidad de disparar de 360 grados y de afrontar una guerra electr\u00f3nica.<\/strong><\/p>\n<p>El pasado <strong>enero, la Guardia Revolucionaria desvel\u00f3 tambi\u00e9n la existencia de una base subterr\u00e1nea de misiles en la costa del golfo P\u00e9rsico<\/strong>. La construcci\u00f3n de dep\u00f3sitos bajo tierra comenz\u00f3 en Ir\u00e1n hace m\u00e1s de tres d\u00e9cadas para proteger sus capacidades militares.<\/p>\n<p>La <strong>tensi\u00f3n con EEUU<\/strong> se mantiene <strong>elevada<\/strong> <strong>pese a la llegada a la Casa Blanca del dem\u00f3crata Joe Biden,<\/strong> quien apuesta por la diplomacia con Ir\u00e1n. Biden <strong>se ha mostrado dispuesto a volver al acuerdo nuclear con Ir\u00e1n,<\/strong> del que se retir\u00f3 EEUU en 2018, pero ha insistido en que deber\u00edan incluirse otros asuntos como el programa de misiles bal\u00edsticos iran\u00ed, una l\u00ednea roja para Teher\u00e1n.<\/p>\n<p><strong>EEUU<\/strong> ha denunciado en numerosas ocasiones que<strong> los misiles bal\u00edsticos de Ir\u00e1n son capaces de portar ojivas nucleares<\/strong>, pero Ir\u00e1n asevera que son armas convencionales y que su funci\u00f3n es \u00fanicamente disuasoria y defensiva.<\/p>\n<\/div>\n\n<p><em> &#8221; Fuentes www.republica.com &#8221; <\/em><\/p>\n","protected":false},"excerpt":{"rendered":"<p>La Guardia Revolucionaria de Ir\u00e1n dio a conocer este lunes la existencia de una nueva &#8220;ciudad de misiles&#8221; de distinto alcance, lo que muestra su intenci\u00f3n de seguir desarrollando estos programas armament\u00edsticos pese a la presi\u00f3n de Estados Unidos. Este dep\u00f3sito de la Fuerza Marina de los Guardianes, cuya localizaci\u00f3n se mantiene en secreto, incluye [&hellip;]<\/p>\n","protected":false},"author":4,"featured_media":97036,"comment_status":"open","ping_status":"closed","sticky":false,"template":"","format":"standard","meta":{"om_disable_all_campaigns":false,"jnews-multi-image_gallery":[],"jnews_single_post":[],"jnews_primary_category":[],"jnews_social_meta":[],"footnotes":""},"categories":[41],"tags":[],"class_list":["post-97035","post","type-post","status-publish","format-standard","has-post-thumbnail","hentry","category-cruceros"],"_links":{"self":[{"href":"https:\/\/dimensionturistica.com\/es\/wp-json\/wp\/v2\/posts\/97035","targetHints":{"allow":["GET"]}}],"collection":[{"href":"https:\/\/dimensionturistica.com\/es\/wp-json\/wp\/v2\/posts"}],"about":[{"href":"https:\/\/dimensionturistica.com\/es\/wp-json\/wp\/v2\/types\/post"}],"author":[{"embeddable":true,"href":"https:\/\/dimensionturistica.com\/es\/wp-json\/wp\/v2\/users\/4"}],"replies":[{"embeddable":true,"href":"https:\/\/dimensionturistica.com\/es\/wp-json\/wp\/v2\/comments?post=97035"}],"version-history":[{"count":0,"href":"https:\/\/dimensionturistica.com\/es\/wp-json\/wp\/v2\/posts\/97035\/revisions"}],"wp:featuredmedia":[{"embeddable":true,"href":"https:\/\/dimensionturistica.com\/es\/wp-json\/wp\/v2\/media\/97036"}],"wp:attachment":[{"href":"https:\/\/dimensionturistica.com\/es\/wp-json\/wp\/v2\/media?parent=97035"}],"wp:term":[{"taxonomy":"category","embeddable":true,"href":"https:\/\/dimensionturistica.com\/es\/wp-json\/wp\/v2\/categories?post=97035"},{"taxonomy":"post_tag","embeddable":true,"href":"https:\/\/dimensionturistica.com\/es\/wp-json\/wp\/v2\/tags?post=97035"}],"curies":[{"name":"wp","href":"https:\/\/api.w.org\/{rel}","templated":true}]}}