{"id":96990,"date":"2021-03-16T23:09:54","date_gmt":"2021-03-16T23:09:54","guid":{"rendered":"https:\/\/dimensionturistica.com\/es\/?p=96990"},"modified":"2021-03-16T23:09:54","modified_gmt":"2021-03-16T23:09:54","slug":"libera-fpr-cruceros-se-trasladan-a-casa-oficial-1702-h-adn-agencia-digital-de-noticias-sureste","status":"publish","type":"post","link":"https:\/\/dimensionturistica.com\/es\/libera-fpr-cruceros-se-trasladan-a-casa-oficial-1702-h-adn-agencia-digital-de-noticias-sureste\/","title":{"rendered":"Libera FPR cruceros, se trasladan a Casa Oficial (17:02 h) \u2039 ADN \u2013 Agencia Digital de Noticias Sureste"},"content":{"rendered":"<p> <br \/>\n<\/p>\n<div>\n<p style=\"text-align: justify;\">Oaxaca de Ju\u00e1rez, 16 de marzo. Tras\u00a0 bloquear cruceros, integrantes del Frente Standard Revolucionario (FPR), y organizaciones afines se trasladan en marcha hacia la Casa Oficial.<\/p>\n<p style=\"text-align: justify;\">Como parte de las acciones de su \u201cJornada Estatal de Lucha por la Salud, Pan, Trabajo y Justicia\u201d, los militantes del FPR\u00a0 secuestraron diversas arterias de la capital oaxaque\u00f1a provocando caos vial afectando a cientos de automovilistas que buscaban trasladarse a sus centros de trabajo.<img decoding=\"async\" class=\"alignleft  wp-image-356654\" src=\"https:\/\/dimensionturistica.com\/es\/wp-content\/uploads\/2021\/03\/Libera-FPR-cruceros-se-trasladan-a-Casa-Oficial-1702-h.jpeg\" alt=\"\" width=\"259\" height=\"146\"  \/><\/p>\n<p style=\"text-align: justify;\">Por espacio de ocho horas, mantuvieron su protesta en el crucero del Ieepo, Fonapas, la ex vocho, la fuente de las Ocho Regiones para exigir al gobierno de Alejandro Murat justicia para su compa\u00f1ero Tom\u00e1s Mart\u00ednez, asesinado en una taquer\u00eda de la poblaci\u00f3n de \u00c1nimas Trujano, el pasado mes de agosto de 2020, tras participar en movilizaciones en la capital.<\/p>\n<p style=\"text-align: justify;\">En marcha se trasladaron desde el crucero del Ieepo hacia la Casa Oficial en donde continuar\u00e1n su protesta que anunciaron ser\u00e1 de tres d\u00edas, para obligar al gobierno a instalar una mesa de di\u00e1logo para atender diversos asuntos y demandas sociales para comunidades donde tienen presencia.<\/p>\n<p>\t\t\t\t\t\t\t\t\t\t<br class=\"clear\"\/><\/p>\n<hr\/>\n<h5 class=\"share_label\">\nCompartir<\/h5>\n<p><br class=\"clear\"\/><\/p><\/div>\n\n<p><em> &#8221; Fuentes www.adnsureste.info &#8221; <\/em><\/p>\n","protected":false},"excerpt":{"rendered":"<p>Oaxaca de Ju\u00e1rez, 16 de marzo. Tras\u00a0 bloquear cruceros, integrantes del Frente Standard Revolucionario (FPR), y organizaciones afines se trasladan en marcha hacia la Casa Oficial. Como parte de las acciones de su \u201cJornada Estatal de Lucha por la Salud, Pan, Trabajo y Justicia\u201d, los militantes del FPR\u00a0 secuestraron diversas arterias de la capital oaxaque\u00f1a [&hellip;]<\/p>\n","protected":false},"author":4,"featured_media":96991,"comment_status":"open","ping_status":"closed","sticky":false,"template":"","format":"standard","meta":{"om_disable_all_campaigns":false,"jnews-multi-image_gallery":[],"jnews_single_post":[],"jnews_primary_category":[],"jnews_social_meta":[],"footnotes":""},"categories":[41],"tags":[],"class_list":["post-96990","post","type-post","status-publish","format-standard","has-post-thumbnail","hentry","category-cruceros"],"_links":{"self":[{"href":"https:\/\/dimensionturistica.com\/es\/wp-json\/wp\/v2\/posts\/96990","targetHints":{"allow":["GET"]}}],"collection":[{"href":"https:\/\/dimensionturistica.com\/es\/wp-json\/wp\/v2\/posts"}],"about":[{"href":"https:\/\/dimensionturistica.com\/es\/wp-json\/wp\/v2\/types\/post"}],"author":[{"embeddable":true,"href":"https:\/\/dimensionturistica.com\/es\/wp-json\/wp\/v2\/users\/4"}],"replies":[{"embeddable":true,"href":"https:\/\/dimensionturistica.com\/es\/wp-json\/wp\/v2\/comments?post=96990"}],"version-history":[{"count":0,"href":"https:\/\/dimensionturistica.com\/es\/wp-json\/wp\/v2\/posts\/96990\/revisions"}],"wp:featuredmedia":[{"embeddable":true,"href":"https:\/\/dimensionturistica.com\/es\/wp-json\/wp\/v2\/media\/96991"}],"wp:attachment":[{"href":"https:\/\/dimensionturistica.com\/es\/wp-json\/wp\/v2\/media?parent=96990"}],"wp:term":[{"taxonomy":"category","embeddable":true,"href":"https:\/\/dimensionturistica.com\/es\/wp-json\/wp\/v2\/categories?post=96990"},{"taxonomy":"post_tag","embeddable":true,"href":"https:\/\/dimensionturistica.com\/es\/wp-json\/wp\/v2\/tags?post=96990"}],"curies":[{"name":"wp","href":"https:\/\/api.w.org\/{rel}","templated":true}]}}