{"id":969315,"date":"2025-04-30T11:49:31","date_gmt":"2025-04-30T11:49:31","guid":{"rendered":"https:\/\/dimensionturistica.com\/es\/?p=969315"},"modified":"2025-04-30T11:49:31","modified_gmt":"2025-04-30T11:49:31","slug":"disminucion-del-30-en-la-afluencia-turistica-a-cuba-desde-enero-hasta-la-fecha","status":"publish","type":"post","link":"https:\/\/dimensionturistica.com\/es\/disminucion-del-30-en-la-afluencia-turistica-a-cuba-desde-enero-hasta-la-fecha\/","title":{"rendered":"Disminuci\u00f3n del 30% en la afluencia tur\u00edstica a Cuba desde enero hasta la fecha"},"content":{"rendered":"<h1>La Realidad del Turismo en Cuba: Retos y Oportunidades<\/h1>\n<p>Cuba, un destino que evoca paisajes vibrantes, cultura rica y un patrimonio hist\u00f3rico inigualable, ha enfrentado un notable descenso en el turismo desde principios de a\u00f1o. Con una ca\u00edda del 30% en el n\u00famero de visitantes, se han encendido las alarmas en el sector, dando pie a preguntas sobre el futuro de una de las industrias m\u00e1s importantes de la isla.<\/p>\n<h2>Un Escenario Cambiante<\/h2>\n<p>El turismo cubano ha sido un pilar fundamental de su econom\u00eda, atrayendo a millones de turistas anualmente para disfrutar de sus playas, su m\u00fasica y su c\u00e1lida hospitalidad. Sin embargo, diversos factores han contribuido a esta disminuci\u00f3n. La comunidad internacional ha experimentado cambios significativos, desde las condiciones econ\u00f3micas hasta nuevas pol\u00edticas que han afectado la percepci\u00f3n de seguridad y accesibilidad en el pa\u00eds.<\/p>\n<h2>Desaf\u00edos Inminentes<\/h2>\n<p>Entre las causas que explican esta ca\u00edda se encuentran la crisis econ\u00f3mica mundial y la competencia creciente de otros destinos de sol y playa en la regi\u00f3n. La pandemia tambi\u00e9n dej\u00f3 huellas profundas, obligando a muchos viajeros a reconfigurar sus planes y prioridades vacacionales. A medida que la incertidumbre persiste, muchos turistas optan por destinos m\u00e1s familiares o accesibles.<\/p>\n<h2>Oportunidades para Reinventarse<\/h2>\n<p>No obstante, en medio de esta adversidad, surgen oportunidades. Cuba tiene el potencial de reinventar su oferta tur\u00edstica, enfoc\u00e1ndose en nichos espec\u00edficos que pueden atraer a un p\u00fablico diferente. Desde el ecoturismo, que resalta la belleza natural de sus paisajes, hasta el turismo cultural, que permite a los visitantes sumergirse en la vida local y la historia de la isla, las posibilidades son amplias.<\/p>\n<h2>Estrategias de Promoci\u00f3n<\/h2>\n<p>El sector tur\u00edstico cubano necesita ajustar su enfoque promocional, fortaleciendo la comunicaci\u00f3n sobre las medidas de seguridad y la sostenibilidad. Al promover no solo los atractivos tur\u00edsticos, sino tambi\u00e9n la calidez y hospitalidad de su pueblo, Cuba puede volver a capturar el inter\u00e9s de viajeros que buscan experiencias aut\u00e9nticas.<\/p>\n<h2>Mirando Hacia el Futuro<\/h2>\n<p>El camino hacia la recuperaci\u00f3n ser\u00e1 desafiante, pero no imposible. La colaboraci\u00f3n entre el gobierno, empresas y la poblaci\u00f3n local ser\u00e1 vital para redefinir y revitalizar el turismo en Cuba. Con una visi\u00f3n clara y estrategias bien planificadas, la isla tiene el potencial de no solo recuperar su posici\u00f3n en el mapa tur\u00edstico, sino de fortalecer su identidad como un destino seguro y acogedor.<\/p>\n<p>Cuba sigue siendo un lugar de sue\u00f1os, y aunque los retos son significativos, la resiliencia de su gente y el atractivo de su cultura son elementos que prometen un futuro brillante. Los viajeros que buscan experiencias aut\u00e9nticas y una conexi\u00f3n real con la historia y la gente de la isla, pronto podr\u00e1n redescubrir el encanto cubano que siempre ha perdurado.<\/p>\n<p><em> &#8221; Sources www.preferente.com &#8221; <\/em><\/p>\n<p><em> &#8221; Fuentes www.preferente.com &#8221; <\/em><\/p>\n","protected":false},"excerpt":{"rendered":"<p>La Realidad del Turismo en Cuba: Retos y Oportunidades Cuba, un destino que evoca paisajes vibrantes, cultura rica y un patrimonio hist\u00f3rico inigualable, ha enfrentado un notable descenso en el turismo desde principios de a\u00f1o. Con una ca\u00edda del 30% en el n\u00famero de visitantes, se han encendido las alarmas en el sector, dando pie [&hellip;]<\/p>\n","protected":false},"author":4,"featured_media":969316,"comment_status":"open","ping_status":"closed","sticky":false,"template":"","format":"standard","meta":{"om_disable_all_campaigns":false,"jnews-multi-image_gallery":[],"jnews_single_post":[],"jnews_primary_category":[],"jnews_social_meta":[],"footnotes":""},"categories":[39],"tags":[13282,569,6439,956,715,2924,705,4020,544],"class_list":["post-969315","post","type-post","status-publish","format-standard","has-post-thumbnail","hentry","category-viajes","tag-13282","tag-agencias-de-viajes","tag-caida","tag-cuba","tag-economia","tag-estadisticas","tag-noticias","tag-sector-turistico","tag-turismo"],"_links":{"self":[{"href":"https:\/\/dimensionturistica.com\/es\/wp-json\/wp\/v2\/posts\/969315","targetHints":{"allow":["GET"]}}],"collection":[{"href":"https:\/\/dimensionturistica.com\/es\/wp-json\/wp\/v2\/posts"}],"about":[{"href":"https:\/\/dimensionturistica.com\/es\/wp-json\/wp\/v2\/types\/post"}],"author":[{"embeddable":true,"href":"https:\/\/dimensionturistica.com\/es\/wp-json\/wp\/v2\/users\/4"}],"replies":[{"embeddable":true,"href":"https:\/\/dimensionturistica.com\/es\/wp-json\/wp\/v2\/comments?post=969315"}],"version-history":[{"count":0,"href":"https:\/\/dimensionturistica.com\/es\/wp-json\/wp\/v2\/posts\/969315\/revisions"}],"wp:featuredmedia":[{"embeddable":true,"href":"https:\/\/dimensionturistica.com\/es\/wp-json\/wp\/v2\/media\/969316"}],"wp:attachment":[{"href":"https:\/\/dimensionturistica.com\/es\/wp-json\/wp\/v2\/media?parent=969315"}],"wp:term":[{"taxonomy":"category","embeddable":true,"href":"https:\/\/dimensionturistica.com\/es\/wp-json\/wp\/v2\/categories?post=969315"},{"taxonomy":"post_tag","embeddable":true,"href":"https:\/\/dimensionturistica.com\/es\/wp-json\/wp\/v2\/tags?post=969315"}],"curies":[{"name":"wp","href":"https:\/\/api.w.org\/{rel}","templated":true}]}}