{"id":969068,"date":"2025-04-29T22:20:46","date_gmt":"2025-04-29T22:20:46","guid":{"rendered":"https:\/\/dimensionturistica.com\/es\/?p=969068"},"modified":"2025-04-29T22:20:46","modified_gmt":"2025-04-29T22:20:46","slug":"entre-rios-acogera-la-50a-edicion-del-congreso-de-profesionales-del-turismo","status":"publish","type":"post","link":"https:\/\/dimensionturistica.com\/es\/entre-rios-acogera-la-50a-edicion-del-congreso-de-profesionales-del-turismo\/","title":{"rendered":"Entre R\u00edos acoger\u00e1 la 50\u00aa edici\u00f3n del Congreso de Profesionales del Turismo."},"content":{"rendered":"<h3>Entre R\u00edos se Preparara para el Congreso de Agentes de Viajes<\/h3>\n<p>El coraz\u00f3n tur\u00edstico de Argentina se agita con la emoci\u00f3n de un evento sin precedentes: la 50\u00aa edici\u00f3n del Congreso de Agentes de Viajes, que tendr\u00e1 lugar en la provincia de Entre R\u00edos. Este encuentro, que promete ser un hito en la industria del turismo, re\u00fane a profesionales de todo el pa\u00eds, consolidando a Entre R\u00edos como un destino atractivo y lleno de posibilidades.<\/p>\n<p>Entre R\u00edos, famosa por sus r\u00edos serenos, termas relajantes y una rica oferta gastron\u00f3mica, se viste de gala para recibir a agentes, prestadores de servicios y expertos del sector. La elecci\u00f3n de esta regi\u00f3n no es casualidad; su infraestructura hotelera, con propuestas para todos los gustos y presupuestos, junto a paisajes naturales impresionantes, lo convierten en el escenario perfecto para fomentar el networking y la capacitaci\u00f3n.<\/p>\n<h3>Innovaci\u00f3n y Oportunidades<\/h3>\n<p>Este congreso no solo celebra 50 a\u00f1os de historia; tambi\u00e9n se enfoca en las tendencias actuales y futuras del turismo. Los participantes tendr\u00e1n la oportunidad de asistir a conferencias que abarcan desde el manejo de redes sociales hasta estrategias de sostenibilidad. La conectividad digital y el compromiso con el medio ambiente ser\u00e1n temas clave, reflejando la necesidad de evolucionar en un mundo post-pandemia.<\/p>\n<p>Los asistentes podr\u00e1n participar en talleres interactivos y paneles de discusi\u00f3n que buscan empoderar a los agentes de viajes, prepar\u00e1ndolos para enfrentar los desaf\u00edos del sector. Este tipo de educaci\u00f3n continua es vital para mantener la relevancia y adaptabilidad en un mercado tan din\u00e1mico.<\/p>\n<h3>Un Espacio para Conectar<\/h3>\n<p>Adem\u00e1s de las actividades acad\u00e9micas, el congreso ser\u00e1 tambi\u00e9n un lugar ideal para establecer relaciones comerciales. Con la presencia de proveedores de servicios tur\u00edsticos, los agentes tendr\u00e1n la oportunidad de crear alianzas estrat\u00e9gicas, potenciando as\u00ed sus ofertas. Esta red de contactos no solo ser\u00e1 \u00fatil a corto plazo, sino que puede abrir puertas a nuevas colaboraciones en el futuro.<\/p>\n<h3>Encanto Natural y Cultural<\/h3>\n<p>Entre R\u00edos no solo destaca por su gran evento, sino tambi\u00e9n por lo que ofrece a los visitantes. Los asistentes al congreso tendr\u00e1n la posibilidad de explorar la diversidad cultural y natural de la regi\u00f3n. Desde paseos por el Parque Nacional El Palmar hasta degustaciones de platos tradicionales, la experiencia de asistir a este congreso se extiende m\u00e1s all\u00e1 de las paredes del sal\u00f3n.<\/p>\n<p>Actividades como el avistamiento de aves, la visita a las famosas termas, y el contacto con la calidez de su gente, son solo algunas de las ofertas que enriquecer\u00e1n la estancia de los congresistas, convirtiendo la experiencia en algo inolvidable.<\/p>\n<h3>Cierre<\/h3>\n<p>La 50\u00aa edici\u00f3n del Congreso de Agentes de Viajes en Entre R\u00edos es, sin duda, una fecha que marcar\u00e1 un antes y un despu\u00e9s en el turismo argentino. Este evento no solo pone en relieve la importancia de la capacitaci\u00f3n y la innovaci\u00f3n, sino que tambi\u00e9n celebra las bellezas de un destino que sigue ganando terreno en los corazones de quienes buscan experiencias aut\u00e9nticas. No te pierdas la oportunidad de ser parte de esta celebraci\u00f3n, de conocer m\u00e1s sobre el mundo del turismo y de descubrir lo que Entre R\u00edos tiene para ofrecer.<\/p>\n<p><em> &#8221; Sources lapiramide.net &#8221; <\/em><\/p>\n<p><em> &#8221; Sources lapiramide.net &#8221; <\/em><\/p>\n","protected":false},"excerpt":{"rendered":"<p>Entre R\u00edos se Preparara para el Congreso de Agentes de Viajes El coraz\u00f3n tur\u00edstico de Argentina se agita con la emoci\u00f3n de un evento sin precedentes: la 50\u00aa edici\u00f3n del Congreso de Agentes de Viajes, que tendr\u00e1 lugar en la provincia de Entre R\u00edos. Este encuentro, que promete ser un hito en la industria del [&hellip;]<\/p>\n","protected":false},"author":4,"featured_media":969069,"comment_status":"open","ping_status":"closed","sticky":false,"template":"","format":"standard","meta":{"om_disable_all_campaigns":false,"jnews-multi-image_gallery":[],"jnews_single_post":[],"jnews_primary_category":[],"jnews_social_meta":[],"footnotes":""},"categories":[40],"tags":[221350],"class_list":["post-969068","post","type-post","status-publish","format-standard","has-post-thumbnail","hentry","category-industria","tag-entre-rios-congreso-de-agentes-de-viajes-50a-edicion-turismo-eventos-agentes-de-viajes-argentina"],"_links":{"self":[{"href":"https:\/\/dimensionturistica.com\/es\/wp-json\/wp\/v2\/posts\/969068","targetHints":{"allow":["GET"]}}],"collection":[{"href":"https:\/\/dimensionturistica.com\/es\/wp-json\/wp\/v2\/posts"}],"about":[{"href":"https:\/\/dimensionturistica.com\/es\/wp-json\/wp\/v2\/types\/post"}],"author":[{"embeddable":true,"href":"https:\/\/dimensionturistica.com\/es\/wp-json\/wp\/v2\/users\/4"}],"replies":[{"embeddable":true,"href":"https:\/\/dimensionturistica.com\/es\/wp-json\/wp\/v2\/comments?post=969068"}],"version-history":[{"count":0,"href":"https:\/\/dimensionturistica.com\/es\/wp-json\/wp\/v2\/posts\/969068\/revisions"}],"wp:featuredmedia":[{"embeddable":true,"href":"https:\/\/dimensionturistica.com\/es\/wp-json\/wp\/v2\/media\/969069"}],"wp:attachment":[{"href":"https:\/\/dimensionturistica.com\/es\/wp-json\/wp\/v2\/media?parent=969068"}],"wp:term":[{"taxonomy":"category","embeddable":true,"href":"https:\/\/dimensionturistica.com\/es\/wp-json\/wp\/v2\/categories?post=969068"},{"taxonomy":"post_tag","embeddable":true,"href":"https:\/\/dimensionturistica.com\/es\/wp-json\/wp\/v2\/tags?post=969068"}],"curies":[{"name":"wp","href":"https:\/\/api.w.org\/{rel}","templated":true}]}}