{"id":96905,"date":"2021-03-16T20:02:17","date_gmt":"2021-03-16T20:02:17","guid":{"rendered":"https:\/\/dimensionturistica.com\/es\/?p=96905"},"modified":"2021-03-16T20:02:17","modified_gmt":"2021-03-16T20:02:17","slug":"acumula-ensenada-10-meses-sin-arribo-de-cruceros","status":"publish","type":"post","link":"https:\/\/dimensionturistica.com\/es\/acumula-ensenada-10-meses-sin-arribo-de-cruceros\/","title":{"rendered":"Acumula Ensenada 10 meses sin arribo de cruceros"},"content":{"rendered":"<p> <br \/>\n<\/p>\n<div>\n                <span> Compartir: <\/span><br \/>\n                <a rel=\"nofollow noopener\" target=\"_blank\" href=\"http:\/\/monitoreconomico.org\/noticias\/2021\/mar\/16\/acumula-ensenada-10-meses-sin-arribo-de-cruceros\/javascript:fbShare(\" http:=\"\"><img decoding=\"async\" class=\"img-circle\" height=\"30\" width=\"30\" src=\"https:\/\/dimensionturistica.com\/es\/wp-content\/uploads\/2021\/03\/Acumula-Ensenada-10-meses-sin-arribo-de-cruceros.png\" \/><\/a><br \/>\n                <a rel=\"nofollow noopener\" target=\"_blank\" href=\"http:\/\/monitoreconomico.org\/noticias\/2021\/mar\/16\/acumula-ensenada-10-meses-sin-arribo-de-cruceros\/javascript:twShare(\" http:=\"\" ensenada=\"\" meses=\"\" sin=\"\" arribo=\"\" de=\"\" cruceros=\"\"><img decoding=\"async\" class=\"img-circle\" height=\"30\" width=\"30\" src=\"https:\/\/dimensionturistica.com\/es\/wp-content\/uploads\/2021\/03\/1615924936_818_Acumula-Ensenada-10-meses-sin-arribo-de-cruceros.png\" \/><\/a><\/p>\n<p class=\"text-justify\" style=\"white-space: pre-wrap;\">Por Luis Levar&#13;<br \/>\n&#13;<br \/>\nEnsenada sum\u00f3 en enero (2021) 10 meses sin arribo de cruceros, de acuerdo con las cifras de la Secretar\u00eda de Comunicaciones y Transportes (SCT).&#13;<br \/>\n&#13;<br \/>\nPrecisamente en marzo se registr\u00f3 la \u00faltima cifra de arribos con 12, cuando ya hab\u00eda estallado la pandemia de COVID-19 a nivel mundial, dejando a este municipio cuya vocaci\u00f3n tur\u00edstica es lo m\u00e1s importante, hundido en medio de grandes problemas.&#13;<br \/>\n&#13;<br \/>\nCabe aclarar que si bien se marca la llegada de un uno en agosto, fue solamente con fines de estacionamiento.&#13;<br \/>\n&#13;<br \/>\nAs\u00ed, con la ocupaci\u00f3n hotelera m\u00e1s baja de la historia durante 2020 y m\u00e1s de 10 mil empleos perdidos, Ensenada tambi\u00e9n ha corrido con Jaime Bonilla la misma suerte que con Kiko Vega, una gran olvido y por agregado, ahora quedar\u00e1 dividido en dos partes, los recursos econ\u00f3micos tambi\u00e9n traer\u00e1n afectaciones<\/p>\n<\/p><\/div>\n\n<p><em> &#8221; Fuentes monitoreconomico.org &#8221; <\/em><\/p>\n","protected":false},"excerpt":{"rendered":"<p>Compartir: Por Luis Levar&#13; &#13; Ensenada sum\u00f3 en enero (2021) 10 meses sin arribo de cruceros, de acuerdo con las cifras de la Secretar\u00eda de Comunicaciones y Transportes (SCT).&#13; &#13; Precisamente en marzo se registr\u00f3 la \u00faltima cifra de arribos con 12, cuando ya hab\u00eda estallado la pandemia de COVID-19 a nivel mundial, dejando a [&hellip;]<\/p>\n","protected":false},"author":4,"featured_media":96906,"comment_status":"open","ping_status":"closed","sticky":false,"template":"","format":"standard","meta":{"om_disable_all_campaigns":false,"jnews-multi-image_gallery":[],"jnews_single_post":[],"jnews_primary_category":[],"jnews_social_meta":[],"footnotes":""},"categories":[41],"tags":[],"class_list":["post-96905","post","type-post","status-publish","format-standard","has-post-thumbnail","hentry","category-cruceros"],"_links":{"self":[{"href":"https:\/\/dimensionturistica.com\/es\/wp-json\/wp\/v2\/posts\/96905","targetHints":{"allow":["GET"]}}],"collection":[{"href":"https:\/\/dimensionturistica.com\/es\/wp-json\/wp\/v2\/posts"}],"about":[{"href":"https:\/\/dimensionturistica.com\/es\/wp-json\/wp\/v2\/types\/post"}],"author":[{"embeddable":true,"href":"https:\/\/dimensionturistica.com\/es\/wp-json\/wp\/v2\/users\/4"}],"replies":[{"embeddable":true,"href":"https:\/\/dimensionturistica.com\/es\/wp-json\/wp\/v2\/comments?post=96905"}],"version-history":[{"count":0,"href":"https:\/\/dimensionturistica.com\/es\/wp-json\/wp\/v2\/posts\/96905\/revisions"}],"wp:featuredmedia":[{"embeddable":true,"href":"https:\/\/dimensionturistica.com\/es\/wp-json\/wp\/v2\/media\/96906"}],"wp:attachment":[{"href":"https:\/\/dimensionturistica.com\/es\/wp-json\/wp\/v2\/media?parent=96905"}],"wp:term":[{"taxonomy":"category","embeddable":true,"href":"https:\/\/dimensionturistica.com\/es\/wp-json\/wp\/v2\/categories?post=96905"},{"taxonomy":"post_tag","embeddable":true,"href":"https:\/\/dimensionturistica.com\/es\/wp-json\/wp\/v2\/tags?post=96905"}],"curies":[{"name":"wp","href":"https:\/\/api.w.org\/{rel}","templated":true}]}}