{"id":96887,"date":"2021-03-16T19:28:40","date_gmt":"2021-03-16T19:28:40","guid":{"rendered":"https:\/\/dimensionturistica.com\/es\/?p=96887"},"modified":"2021-03-16T19:28:40","modified_gmt":"2021-03-16T19:28:40","slug":"en-el-crucero-de-las-juntas-un-choque-aparatoso","status":"publish","type":"post","link":"https:\/\/dimensionturistica.com\/es\/en-el-crucero-de-las-juntas-un-choque-aparatoso\/","title":{"rendered":"EN EL CRUCERO DE LAS JUNTAS\u2026 \u00a1UN CHOQUE APARATOSO!"},"content":{"rendered":"<p> <br \/>\n<\/p>\n<div>\n<p>Aparatoso accidente se registr\u00f3 poco antes del mediod\u00eda de este martes en el Boulevard Francisco Medina Ascencio, a la altura del crucero de Las Juntas, en donde un motociclista y una camioneta estuvieron involucrados.<\/p>\n<p>En esta ocasi\u00f3n el conductor de la motocicleta result\u00f3 con golpes leves, fue atendido por param\u00e9dicos y no fue necesario que lo trasladaran a un hospital.<\/p>\n<p><!-- Articulo-Entreparrafos-01 --><\/p>\n<p><a rel=\"nofollow noopener\" target=\"_blank\" style=\"background:none; border:0;\" href=\"https:\/\/chat.whatsapp.com\/DMxgZUzhjgD1rL1qWlILl4\"><img decoding=\"async\" src=\"https:\/\/dimensionturistica.com\/es\/wp-content\/uploads\/2021\/03\/EN-EL-CRUCERO-DE-LAS-JUNTAS\u2026-\u00a1UN-CHOQUE-APARATOSO.svg.svg+xml\"\/><\/a><\/p>\n<p>El percance sucedi\u00f3 al filo de las 11:40 horas, en los carriles que van en sentido norte-sur justo frente a la tienda VIU.<\/p>\n<p>En los primeros reportes se dec\u00eda que en el percance hab\u00eda personas heridas de consideraci\u00f3n, por lo que period necesaria la presencia de una ambulancia.<\/p>\n<p><!-- Articulo-Entreparrafos-02 --><\/p>\n<p><a rel=\"nofollow noopener\" target=\"_blank\" style=\"background:none; border:0;\" href=\"https:\/\/t.me\/meridianonayarit\"><img decoding=\"async\" src=\"https:\/\/dimensionturistica.com\/es\/wp-content\/uploads\/2021\/02\/1612866773_360_VOLCO-CAMION-CANERO.svg.svg+xml\"\/><\/a><\/p>\n<p>Polic\u00edas, oficiales del departamento de Tr\u00e1nsito Municipal y param\u00e9dicos del cuerpo de Protecci\u00f3n Civil y Bomberos llegaron de inmediato y una vez ah\u00ed confirmaron que se trataba de un choque entre una camioneta de la marca Honda tipo CR-V, coloration negro y una motocicleta de la marca Honda tipo Cargo coloration blanco, ambos con placas de circulaci\u00f3n del estado de Jalisco.<\/p>\n<p>Los param\u00e9dicos atendieron al conductor de la moto e informaron que afortunadamente no presentaba lesiones graves, lo subieron a la ambulancia para revisarlo e informaron que no period necesario que lo trasladaran a un hospital.<\/p>\n<p><!-- Articulo-Entreparrafos-03 --><\/p>\n<p>Elementos del departamento de Tr\u00e1nsito Municipal fueron quienes se encargaron de platicar con los involucrados para tomar su versi\u00f3n de como sucedi\u00f3 el percance y mencionaron que estar\u00edan en espera de que llegaran los asesores de seguros para que trataran de llegar a un acuerdo o de lo contrario el hecho ser\u00eda puesto a disposici\u00f3n de la autoridad correspondiente para el deslinde de responsabilidades.<\/p>\n<\/p><\/div>\n\n<p><em> &#8221; Fuentes meridiano.mx &#8221; <\/em><\/p>\n","protected":false},"excerpt":{"rendered":"<p>Aparatoso accidente se registr\u00f3 poco antes del mediod\u00eda de este martes en el Boulevard Francisco Medina Ascencio, a la altura del crucero de Las Juntas, en donde un motociclista y una camioneta estuvieron involucrados. En esta ocasi\u00f3n el conductor de la motocicleta result\u00f3 con golpes leves, fue atendido por param\u00e9dicos y no fue necesario que [&hellip;]<\/p>\n","protected":false},"author":4,"featured_media":96888,"comment_status":"open","ping_status":"closed","sticky":false,"template":"","format":"standard","meta":{"om_disable_all_campaigns":false,"jnews-multi-image_gallery":[],"jnews_single_post":[],"jnews_primary_category":[],"jnews_social_meta":[],"footnotes":""},"categories":[41],"tags":[],"class_list":["post-96887","post","type-post","status-publish","format-standard","has-post-thumbnail","hentry","category-cruceros"],"_links":{"self":[{"href":"https:\/\/dimensionturistica.com\/es\/wp-json\/wp\/v2\/posts\/96887","targetHints":{"allow":["GET"]}}],"collection":[{"href":"https:\/\/dimensionturistica.com\/es\/wp-json\/wp\/v2\/posts"}],"about":[{"href":"https:\/\/dimensionturistica.com\/es\/wp-json\/wp\/v2\/types\/post"}],"author":[{"embeddable":true,"href":"https:\/\/dimensionturistica.com\/es\/wp-json\/wp\/v2\/users\/4"}],"replies":[{"embeddable":true,"href":"https:\/\/dimensionturistica.com\/es\/wp-json\/wp\/v2\/comments?post=96887"}],"version-history":[{"count":0,"href":"https:\/\/dimensionturistica.com\/es\/wp-json\/wp\/v2\/posts\/96887\/revisions"}],"wp:featuredmedia":[{"embeddable":true,"href":"https:\/\/dimensionturistica.com\/es\/wp-json\/wp\/v2\/media\/96888"}],"wp:attachment":[{"href":"https:\/\/dimensionturistica.com\/es\/wp-json\/wp\/v2\/media?parent=96887"}],"wp:term":[{"taxonomy":"category","embeddable":true,"href":"https:\/\/dimensionturistica.com\/es\/wp-json\/wp\/v2\/categories?post=96887"},{"taxonomy":"post_tag","embeddable":true,"href":"https:\/\/dimensionturistica.com\/es\/wp-json\/wp\/v2\/tags?post=96887"}],"curies":[{"name":"wp","href":"https:\/\/api.w.org\/{rel}","templated":true}]}}