{"id":968670,"date":"2025-04-29T10:18:35","date_gmt":"2025-04-29T10:18:35","guid":{"rendered":"https:\/\/dimensionturistica.com\/es\/?p=968670"},"modified":"2025-04-29T10:18:35","modified_gmt":"2025-04-29T10:18:35","slug":"las-unas-mantequilla-la-manicura-mas-buscada-de-primavera-una-vez-mas","status":"publish","type":"post","link":"https:\/\/dimensionturistica.com\/es\/las-unas-mantequilla-la-manicura-mas-buscada-de-primavera-una-vez-mas\/","title":{"rendered":"Las U\u00f1as Mantequilla: La Manicura M\u00e1s Buscada de Primavera, Una Vez M\u00e1s"},"content":{"rendered":"<h3>El Renacer de las U\u00f1as de Mantequilla: La Tendencia que Est\u00e1 Deslumbrando<\/h3>\n<p>En el mundo del cuidado personal, las tendencias son como olas del mar: vienen y van, pero algunas logran quedarse en la memoria colectiva y en el coraz\u00f3n de quienes las adoptan. Una de las \u00faltimas modas que ha capturado la atenci\u00f3n de los amantes de la belleza es la novedosa t\u00e9cnica de las \u201cu\u00f1as de mantequilla\u201d. Este estilo, que se ha popularizado r\u00e1pidamente, combina elegancia y creatividad, convirti\u00e9ndose en un verdadero hit en las redes sociales.<\/p>\n<h4>Una Sutil Revoluci\u00f3n en el Arte de las U\u00f1as<\/h4>\n<p>A primera vista, las u\u00f1as de mantequilla pueden parecer simples. Pero es precisamente en su minimalismo donde radica su encanto. Esta t\u00e9cnica se caracteriza por una paleta de colores suaves y cremosos que evocan la calidez y la simplicidad de la mantequilla derretida. Los tonos terrosos, los pasteles sutiles y los acabados satinados crean una apariencia fresca y sofisticada.<\/p>\n<p>Lo fascinante de esta tendencia es su versatilidad. Ya sea para una ocasi\u00f3n formal o un d\u00eda casual, las u\u00f1as de mantequilla se adaptan perfectamente, permitiendo que cada persona exprese su estilo personal. La elecci\u00f3n de los tonos m\u00e1s claros y neutros aporta un aire de elegancia discreta, mientras que algunos toques de brillo crean un efecto visual cautivador.<\/p>\n<h4>La Experiencia en el Sal\u00f3n<\/h4>\n<p>La aplicaci\u00f3n de las u\u00f1as de mantequilla no es solo un proceso est\u00e9tico; es una experiencia en s\u00ed misma. Los salones especializados ofrecen un ambiente relajante, donde los clientes pueden disfrutar de un momento de autocuidado. Con el uso de productos de alta calidad, el resultado final es una manicura duradera y hermosa, que se ve tan bien como se siente.<\/p>\n<p>Para aquellos que desean llevar esta tendencia a casa, existen m\u00faltiples tutoriales en l\u00ednea que permiten reproducir la t\u00e9cnica con facilidad. Desde la preparaci\u00f3n de la u\u00f1a hasta la aplicaci\u00f3n del color, cada paso es una oportunidad para explorar la creatividad.<\/p>\n<h4>Salud y Sostenibilidad<\/h4>\n<p>M\u00e1s all\u00e1 de su atractivo est\u00e9tico, la tendencia tambi\u00e9n se alinea con un enfoque m\u00e1s consciente sobre la belleza. Muchos profesionales del cuidado de las u\u00f1as est\u00e1n optando por utilizar productos menos da\u00f1inos y m\u00e1s sostenibles. Esto no solo beneficia a los clientes, sino tambi\u00e9n al medio ambiente. La elecci\u00f3n de esmaltes libres de t\u00f3xicos y el uso de ingredientes naturales se est\u00e1n convirtiendo en una pr\u00e1ctica com\u00fan en la industria.<\/p>\n<p>Hoy en d\u00eda, el cuidado de las u\u00f1as representa una forma de autoexpresi\u00f3n que resalta la individualidad y el bienestar. Las u\u00f1as de mantequilla son una celebraci\u00f3n de lo simple y lo hermoso, alcanzando un equilibrio perfecto entre el estilo y la salud.<\/p>\n<h4>En Conclusi\u00f3n<\/h4>\n<p>La tendencia de las u\u00f1as de mantequilla ha llegado para quedarse, arrastrando con ella una ola de creatividad y autoconfianza. Con su mezcla de elegancia y minimalismo, esta t\u00e9cnica no solo embellece las manos, sino que tambi\u00e9n invita a reflexionar sobre el cuidado personal y la elecci\u00f3n de productos responsables. As\u00ed que, si buscas una forma de refrescar tu estilo, no dudes en probar esta tendencia que ha conquistado r\u00e1pidamente el coraz\u00f3n de todos. \u00a1Tus manos te lo agradecer\u00e1n!<\/p>\n<p><em> &#8221; Sources www.vogue.com &#8221; <\/em><\/p>\n<p><em> &#8221; Fuentes www.vogue.com &#8221; <\/em><\/p>\n","protected":false},"excerpt":{"rendered":"<p>El Renacer de las U\u00f1as de Mantequilla: La Tendencia que Est\u00e1 Deslumbrando En el mundo del cuidado personal, las tendencias son como olas del mar: vienen y van, pero algunas logran quedarse en la memoria colectiva y en el coraz\u00f3n de quienes las adoptan. Una de las \u00faltimas modas que ha capturado la atenci\u00f3n de [&hellip;]<\/p>\n","protected":false},"author":4,"featured_media":968671,"comment_status":"open","ping_status":"closed","sticky":false,"template":"","format":"standard","meta":{"om_disable_all_campaigns":false,"jnews-multi-image_gallery":[],"jnews_single_post":[],"jnews_primary_category":[],"jnews_social_meta":[],"footnotes":""},"categories":[144872],"tags":[200440,221219,199354,208399,200951,200598,208401,221222,221221,213553,221220],"class_list":["post-968670","post","type-post","status-publish","format-standard","has-post-thumbnail","hentry","category-fashion","tag-beauty-trends","tag-butter-nails","tag-manicure","tag-manicure-ideas","tag-nail-art","tag-nail-trends","tag-pastel-nails","tag-popular-nails","tag-soft-colors","tag-spring-beauty","tag-spring-manicure"],"_links":{"self":[{"href":"https:\/\/dimensionturistica.com\/es\/wp-json\/wp\/v2\/posts\/968670","targetHints":{"allow":["GET"]}}],"collection":[{"href":"https:\/\/dimensionturistica.com\/es\/wp-json\/wp\/v2\/posts"}],"about":[{"href":"https:\/\/dimensionturistica.com\/es\/wp-json\/wp\/v2\/types\/post"}],"author":[{"embeddable":true,"href":"https:\/\/dimensionturistica.com\/es\/wp-json\/wp\/v2\/users\/4"}],"replies":[{"embeddable":true,"href":"https:\/\/dimensionturistica.com\/es\/wp-json\/wp\/v2\/comments?post=968670"}],"version-history":[{"count":0,"href":"https:\/\/dimensionturistica.com\/es\/wp-json\/wp\/v2\/posts\/968670\/revisions"}],"wp:featuredmedia":[{"embeddable":true,"href":"https:\/\/dimensionturistica.com\/es\/wp-json\/wp\/v2\/media\/968671"}],"wp:attachment":[{"href":"https:\/\/dimensionturistica.com\/es\/wp-json\/wp\/v2\/media?parent=968670"}],"wp:term":[{"taxonomy":"category","embeddable":true,"href":"https:\/\/dimensionturistica.com\/es\/wp-json\/wp\/v2\/categories?post=968670"},{"taxonomy":"post_tag","embeddable":true,"href":"https:\/\/dimensionturistica.com\/es\/wp-json\/wp\/v2\/tags?post=968670"}],"curies":[{"name":"wp","href":"https:\/\/api.w.org\/{rel}","templated":true}]}}