{"id":967932,"date":"2025-04-27T12:24:49","date_gmt":"2025-04-27T12:24:49","guid":{"rendered":"https:\/\/dimensionturistica.com\/es\/?p=967932"},"modified":"2025-04-27T12:24:49","modified_gmt":"2025-04-27T12:24:49","slug":"los-legisladores-aumentan-el-presupuesto-para-desplazamientos-dentro-y-fuera-del-pais","status":"publish","type":"post","link":"https:\/\/dimensionturistica.com\/es\/los-legisladores-aumentan-el-presupuesto-para-desplazamientos-dentro-y-fuera-del-pais\/","title":{"rendered":"Los legisladores aumentan el presupuesto para desplazamientos dentro y fuera del pa\u00eds."},"content":{"rendered":"<h3>La Aventura del Gasto en Viajes: Un Vistazo a los Desplazamientos de Nuestros Diputados<\/h3>\n<p>En un mundo donde la conectividad es esencial, los viajes se han convertido en una parte integral de las agendas de muchos. Sin embargo, un examen m\u00e1s de cerca revela que no todos los viajeros son iguales. Recientemente, se ha dado a conocer que los diputados del Congreso han elevado substantialmente su gasto en viajes nacionales e internacionales, lo que nos lleva a reflexionar sobre la relaci\u00f3n entre la pol\u00edtica y la movilidad.<\/p>\n<h4>El Viaje como Herramienta Pol\u00edtica<\/h4>\n<p>Los desplazamientos de los representantes pol\u00edticos no son meras escapadas, sino elementos vitales en su labor. Los viajes les permiten asistir a conferencias, eventos internacionales y reuniones que pueden influir en decisiones que afectan a millones de personas. Sin embargo, el incremento en estos gastos ha generado debates sobre la prioridad que se les da a los viajes frente a otras \u00e1reas de actuaci\u00f3n.<\/p>\n<h4>\u00bfUn Nuevo Estilo de Vida?<\/h4>\n<p>El aumento en el gasto en viajes refleja posiblemente un cambio en la cultura pol\u00edtica. Con funcionarios viajando m\u00e1s que nunca, se plantea la pregunta: \u00bfes esto una necesidad leg\u00edtima o un estilo de vida privilegiado al que se est\u00e1n adaptando? Muchos ciudadanos podr\u00edan ver este incremento con desconfianza, cuestionando la eficiencia y la transparencia de estas decisiones.<\/p>\n<h4>Destinos Preferidos y el Impacto Econ\u00f3mico<\/h4>\n<p>En medio de esta controversia, es interesante notar que los destinos elegidos abarcan desde ciudades ic\u00f3nicas hasta lugares menos conocidos, abriendo un abanico de posibilidades no solo para los pol\u00edticos, sino tambi\u00e9n para el turismo local. Cada viaje genera un impacto econ\u00f3mico que va m\u00e1s all\u00e1 de los gastos oficiales: restaurantes, hoteles y actividades tur\u00edsticas se benefician de la llegada de estos representantes.<\/p>\n<h4>Un Balance Necesario<\/h4>\n<p>El desaf\u00edo radica en encontrar un equilibrio entre la necesaria movilidad de los funcionarios y la percepci\u00f3n p\u00fablica sobre el uso de los recursos p\u00fablicos. Existe la oportunidad de implementar protocolos m\u00e1s claros y transparentes, que permitan a la ciudadan\u00eda estar al tanto de c\u00f3mo se invierte su dinero.<\/p>\n<h4>Futuro del Turismo Pol\u00edtico<\/h4>\n<p>A medida que el debate sobre el gasto en viajes contin\u00faa, tambi\u00e9n surgen oportunidades para el turismo pol\u00edtico en s\u00ed. Los llamados &quot;viajes de trabajo&quot; pueden convertirse en una poderosa herramienta de promoci\u00f3n para pa\u00edses y regiones, siempre y cuando se gestionen con responsabilidad y transparencia.<\/p>\n<p>Este fen\u00f3meno nos invita a reflexionar sobre el papel del viaje en la pol\u00edtica actual, y c\u00f3mo cada desplazamiento puede no solo ser una oportunidad para los funcionarios, sino tambi\u00e9n un motor para la econom\u00eda local y un componente esencial en la b\u00fasqueda de una pol\u00edtica m\u00e1s cercana a la ciudadan\u00eda. Al final, viajar puede ser mucho m\u00e1s que un simple gasto; puede ser una inversi\u00f3n en el futuro y en la conexi\u00f3n entre representantes y representados.<\/p>\n<p><em> &#8221; Sources herculesdiario.es &#8221; <\/em><\/p>\n<p><em> &#8221; Fuentes herculesdiario.es &#8221; <\/em><\/p>\n","protected":false},"excerpt":{"rendered":"<p>La Aventura del Gasto en Viajes: Un Vistazo a los Desplazamientos de Nuestros Diputados En un mundo donde la conectividad es esencial, los viajes se han convertido en una parte integral de las agendas de muchos. Sin embargo, un examen m\u00e1s de cerca revela que no todos los viajeros son iguales. Recientemente, se ha dado [&hellip;]<\/p>\n","protected":false},"author":4,"featured_media":967933,"comment_status":"open","ping_status":"closed","sticky":false,"template":"","format":"standard","meta":{"om_disable_all_campaigns":false,"jnews-multi-image_gallery":[],"jnews_single_post":[],"jnews_primary_category":[],"jnews_social_meta":[],"footnotes":""},"categories":[39],"tags":[923,3606,2434,221012,221011,546,11532,545],"class_list":["post-967932","post","type-post","status-publish","format-standard","has-post-thumbnail","hentry","category-viajes","tag-congreso","tag-diputados","tag-gasto","tag-gastos-internacionales","tag-gastos-nacionales","tag-politica","tag-presupuesto","tag-viajes"],"_links":{"self":[{"href":"https:\/\/dimensionturistica.com\/es\/wp-json\/wp\/v2\/posts\/967932","targetHints":{"allow":["GET"]}}],"collection":[{"href":"https:\/\/dimensionturistica.com\/es\/wp-json\/wp\/v2\/posts"}],"about":[{"href":"https:\/\/dimensionturistica.com\/es\/wp-json\/wp\/v2\/types\/post"}],"author":[{"embeddable":true,"href":"https:\/\/dimensionturistica.com\/es\/wp-json\/wp\/v2\/users\/4"}],"replies":[{"embeddable":true,"href":"https:\/\/dimensionturistica.com\/es\/wp-json\/wp\/v2\/comments?post=967932"}],"version-history":[{"count":0,"href":"https:\/\/dimensionturistica.com\/es\/wp-json\/wp\/v2\/posts\/967932\/revisions"}],"wp:featuredmedia":[{"embeddable":true,"href":"https:\/\/dimensionturistica.com\/es\/wp-json\/wp\/v2\/media\/967933"}],"wp:attachment":[{"href":"https:\/\/dimensionturistica.com\/es\/wp-json\/wp\/v2\/media?parent=967932"}],"wp:term":[{"taxonomy":"category","embeddable":true,"href":"https:\/\/dimensionturistica.com\/es\/wp-json\/wp\/v2\/categories?post=967932"},{"taxonomy":"post_tag","embeddable":true,"href":"https:\/\/dimensionturistica.com\/es\/wp-json\/wp\/v2\/tags?post=967932"}],"curies":[{"name":"wp","href":"https:\/\/api.w.org\/{rel}","templated":true}]}}