{"id":967786,"date":"2025-04-26T23:09:27","date_gmt":"2025-04-26T23:09:27","guid":{"rendered":"https:\/\/dimensionturistica.com\/es\/?p=967786"},"modified":"2025-04-26T23:09:27","modified_gmt":"2025-04-26T23:09:27","slug":"viajes-para-jubilados-quejas-sobre-el-trato-deficiente-en-las-excursiones","status":"publish","type":"post","link":"https:\/\/dimensionturistica.com\/es\/viajes-para-jubilados-quejas-sobre-el-trato-deficiente-en-las-excursiones\/","title":{"rendered":"Viajes para jubilados: quejas sobre el trato deficiente en las excursiones"},"content":{"rendered":"<h3>Maltrato a los Jubilados en los Viajes: Un Llamado a la Conciencia Tur\u00edstica<\/h3>\n<p>En un mundo donde los viajes se presentan como una de las experiencias m\u00e1s enriquecedoras y esperadas, un sector de la poblaci\u00f3n se encuentra viviendo una realidad preocupante: los jubilados. A menudo, se convierten en v\u00edctimas de un maltrato sistem\u00e1tico que merma la calidad de sus aventuras. Este fen\u00f3meno no solo afecta su disfrute, sino que tambi\u00e9n revela una falta de consideraci\u00f3n hacia quienes han dedicado gran parte de sus vidas al trabajo.<\/p>\n<p><strong>Un Problema Silencioso<\/strong><\/p>\n<p>Las denuncias de maltrato hacia los jubilados en el \u00e1mbito tur\u00edstico est\u00e1n cobrando cada vez m\u00e1s voz. Se trata de situaciones que van desde la falta de atenci\u00f3n en los servicios tur\u00edsticos, hasta actitudes despectivas por parte de algunos profesionales del sector. Para muchas personas mayores, la posibilidad de viajar simboliza una etapa de libertad y exploraci\u00f3n, pero esta ilusi\u00f3n puede verse empa\u00f1ada por experiencias negativas que dejan secuelas emocionales.<\/p>\n<p>La falta de accesibilidad en destinos, la escasa atenci\u00f3n a sus necesidades espec\u00edficas y el trato indiferente son algunos de los relatos que emergen. Estos testimonios no solo evidencian un problema de \u00edndole personal, sino un desaf\u00edo estructural dentro de la industria del turismo que requiere una urgente revisi\u00f3n.<\/p>\n<p><strong>Una Industria Desatendida<\/strong><\/p>\n<p>A pesar de que el turismo representa un pilar fundamental de muchas econom\u00edas, la atenci\u00f3n brindada a los jubilados es frecuentemente relegada. La falta de formaci\u00f3n en el trato con este grupo demogr\u00e1fico por parte del personal tur\u00edstico es uno de los principales escollos. Capacitar a los trabajadores para que comprendan las necesidades y expectativas de los mayores puede ser la clave para cambiar la narrativa.<\/p>\n<p>El di\u00e1logo abierto entre las agencias de viajes, las organizaciones dedicadas al bienestar de la tercera edad y los usuarios es esencial. Promover un enfoque m\u00e1s inclusivo en el turismo no solo beneficiar\u00e1 a los jubilados, sino que enriquecer\u00e1 la experiencia de todos los viajeros.<\/p>\n<p><strong>Reclamo de Derechos<\/strong><\/p>\n<p>Las organizaciones que abogan por los derechos de los jubilados est\u00e1n comenzando a alzar la voz. Es crucial que el sector tur\u00edstico se comprometa a garantizar un trato justo y digno. La sensibilizaci\u00f3n acerca de la importancia de ofrecer un servicio que respete y valore a todos los viajeros puede contribuir a un cambio significativo en la percepci\u00f3n y tratamiento hacia los jubilados.<\/p>\n<p><strong>Un Futuro Esperanzador<\/strong><\/p>\n<p>Sin duda, el turismo tiene el potencial de ser una fuente inagotable de alegr\u00eda y descubrimiento para los jubilados. Con cambios en la mentalidad del sector y una mayor empat\u00eda hacia sus necesidades, es posible transformar el paisaje de los viajes en un entorno m\u00e1s acogedor y respetuoso.<\/p>\n<p>El momento de actuar es ahora. Cada viaje debe ser una celebraci\u00f3n de la vida y una oportunidad para crear recuerdos hermosos, independientemente de la edad. Solo a trav\u00e9s de un compromiso colectivo podremos garantizar que todas las personas, incluidos los jubilados, disfruten de una experiencia tur\u00edstica plena y enriquecedora. El futuro del turismo debe ser inclusivo, y cada voz que se alza en pro de un trato justo es un paso hacia ese anhelado cambio.<\/p>\n<p><em> &#8221; Sources prensasocial.es &#8221; <\/em><\/p>\n<p><em> &#8221; Fuentes prensasocial.es &#8221; <\/em><\/p>\n","protected":false},"excerpt":{"rendered":"<p>Maltrato a los Jubilados en los Viajes: Un Llamado a la Conciencia Tur\u00edstica En un mundo donde los viajes se presentan como una de las experiencias m\u00e1s enriquecedoras y esperadas, un sector de la poblaci\u00f3n se encuentra viviendo una realidad preocupante: los jubilados. A menudo, se convierten en v\u00edctimas de un maltrato sistem\u00e1tico que merma [&hellip;]<\/p>\n","protected":false},"author":4,"featured_media":967787,"comment_status":"open","ping_status":"closed","sticky":false,"template":"","format":"standard","meta":{"om_disable_all_campaigns":false,"jnews-multi-image_gallery":[],"jnews_single_post":[],"jnews_primary_category":[],"jnews_social_meta":[],"footnotes":""},"categories":[39],"tags":[9899,24786,1055,63658,813,4507,45191,53091,544,545],"class_list":["post-967786","post","type-post","status-publish","format-standard","has-post-thumbnail","hentry","category-viajes","tag-bienestar","tag-denuncias","tag-derechos","tag-envejecimiento","tag-imserso","tag-jubilados","tag-maltrato","tag-servicios-sociales","tag-turismo","tag-viajes"],"_links":{"self":[{"href":"https:\/\/dimensionturistica.com\/es\/wp-json\/wp\/v2\/posts\/967786","targetHints":{"allow":["GET"]}}],"collection":[{"href":"https:\/\/dimensionturistica.com\/es\/wp-json\/wp\/v2\/posts"}],"about":[{"href":"https:\/\/dimensionturistica.com\/es\/wp-json\/wp\/v2\/types\/post"}],"author":[{"embeddable":true,"href":"https:\/\/dimensionturistica.com\/es\/wp-json\/wp\/v2\/users\/4"}],"replies":[{"embeddable":true,"href":"https:\/\/dimensionturistica.com\/es\/wp-json\/wp\/v2\/comments?post=967786"}],"version-history":[{"count":0,"href":"https:\/\/dimensionturistica.com\/es\/wp-json\/wp\/v2\/posts\/967786\/revisions"}],"wp:featuredmedia":[{"embeddable":true,"href":"https:\/\/dimensionturistica.com\/es\/wp-json\/wp\/v2\/media\/967787"}],"wp:attachment":[{"href":"https:\/\/dimensionturistica.com\/es\/wp-json\/wp\/v2\/media?parent=967786"}],"wp:term":[{"taxonomy":"category","embeddable":true,"href":"https:\/\/dimensionturistica.com\/es\/wp-json\/wp\/v2\/categories?post=967786"},{"taxonomy":"post_tag","embeddable":true,"href":"https:\/\/dimensionturistica.com\/es\/wp-json\/wp\/v2\/tags?post=967786"}],"curies":[{"name":"wp","href":"https:\/\/api.w.org\/{rel}","templated":true}]}}