{"id":96777,"date":"2021-03-16T15:54:25","date_gmt":"2021-03-16T15:54:25","guid":{"rendered":"https:\/\/dimensionturistica.com\/es\/?p=96777"},"modified":"2021-03-16T15:54:25","modified_gmt":"2021-03-16T15:54:25","slug":"norwegian-cruise-line-reporta-al-30-de-junio-el-reinicio-de-sus-cruceros","status":"publish","type":"post","link":"https:\/\/dimensionturistica.com\/es\/norwegian-cruise-line-reporta-al-30-de-junio-el-reinicio-de-sus-cruceros\/","title":{"rendered":"Norwegian Cruise Line reporta al 30 de junio el reinicio de sus cruceros"},"content":{"rendered":"<p> <br \/>\n<\/p>\n<div>\n<p class=\"paragraph\">El grupo Norwegian Cruise Line anunci\u00f3 el martes que postergar\u00e1 un mes m\u00e1s, hasta el 30 de junio, el reinicio de sus cruceros en todo el mundo, suspendidos hace un a\u00f1o por la pandemia de coronavirus.<\/p>\n<p class=\"paragraph\">La firma que controla las marcas Norwegian Cruise Line, Oceania Cruises y Regent Seven Seas Cruises, hab\u00eda tomado una decisi\u00f3n comparable el mes pasado.<\/p>\n<p class=\"paragraph\">En un comunicado, la compa\u00f1\u00eda explic\u00f3 que contin\u00faa &#8220;trabajando en su plan de retorno al servicio&#8221; que debe responder a las exigencias de las autoridades sanitarias estadounidenses.<\/p>\n<p><span data-error=\"No dfp-path found.\"\/><\/p>\n<p class=\"paragraph\">El a\u00f1o pasado, las im\u00e1genes de turistas padeciendo interminables cuarentenas en barcos de crucero por casos de infecciones de coronavirus a bordo dieron la vuelta al mundo.<\/p>\n<p class=\"paragraph\">Dt\/jul\/oaa\/mr\/rsr<\/p>\n<\/div>\n<p><script defer=\"\">!function(f,b,e,v,n,t,s) {if(f.fbq)return;n=f.fbq=function(){n.callMethod? n.callMethod.apply(n,arguments):n.queue.push(arguments)}; if(!f._fbq)f._fbq=n;n.push=n;n.loaded=!0;n.version='2.0'; n.queue=[];t=b.createElement(e);t.async=!0; t.src=v;s=b.getElementsByTagName(e)[0]; s.parentNode.insertBefore(t,s)}(window, document,'script', 'https:\/\/connect.facebook.net\/en_US\/fbevents.js'); fbq('init', '336383993555320'); fbq('track', 'PageView'); fbq('track', 'ViewContent');<\/script><br \/>\n<br \/><\/p>\n<p><em> &#8221; Fuentes www.infobae.com &#8221; <\/em><\/p>\n","protected":false},"excerpt":{"rendered":"<p>El grupo Norwegian Cruise Line anunci\u00f3 el martes que postergar\u00e1 un mes m\u00e1s, hasta el 30 de junio, el reinicio de sus cruceros en todo el mundo, suspendidos hace un a\u00f1o por la pandemia de coronavirus. La firma que controla las marcas Norwegian Cruise Line, Oceania Cruises y Regent Seven Seas Cruises, hab\u00eda tomado una [&hellip;]<\/p>\n","protected":false},"author":4,"featured_media":96355,"comment_status":"open","ping_status":"closed","sticky":false,"template":"","format":"standard","meta":{"om_disable_all_campaigns":false,"jnews-multi-image_gallery":[],"jnews_single_post":[],"jnews_primary_category":[],"jnews_social_meta":[],"footnotes":""},"categories":[41],"tags":[],"class_list":["post-96777","post","type-post","status-publish","format-standard","has-post-thumbnail","hentry","category-cruceros"],"_links":{"self":[{"href":"https:\/\/dimensionturistica.com\/es\/wp-json\/wp\/v2\/posts\/96777","targetHints":{"allow":["GET"]}}],"collection":[{"href":"https:\/\/dimensionturistica.com\/es\/wp-json\/wp\/v2\/posts"}],"about":[{"href":"https:\/\/dimensionturistica.com\/es\/wp-json\/wp\/v2\/types\/post"}],"author":[{"embeddable":true,"href":"https:\/\/dimensionturistica.com\/es\/wp-json\/wp\/v2\/users\/4"}],"replies":[{"embeddable":true,"href":"https:\/\/dimensionturistica.com\/es\/wp-json\/wp\/v2\/comments?post=96777"}],"version-history":[{"count":0,"href":"https:\/\/dimensionturistica.com\/es\/wp-json\/wp\/v2\/posts\/96777\/revisions"}],"wp:featuredmedia":[{"embeddable":true,"href":"https:\/\/dimensionturistica.com\/es\/wp-json\/wp\/v2\/media\/96355"}],"wp:attachment":[{"href":"https:\/\/dimensionturistica.com\/es\/wp-json\/wp\/v2\/media?parent=96777"}],"wp:term":[{"taxonomy":"category","embeddable":true,"href":"https:\/\/dimensionturistica.com\/es\/wp-json\/wp\/v2\/categories?post=96777"},{"taxonomy":"post_tag","embeddable":true,"href":"https:\/\/dimensionturistica.com\/es\/wp-json\/wp\/v2\/tags?post=96777"}],"curies":[{"name":"wp","href":"https:\/\/api.w.org\/{rel}","templated":true}]}}