{"id":96758,"date":"2021-03-16T15:29:30","date_gmt":"2021-03-16T15:29:30","guid":{"rendered":"https:\/\/dimensionturistica.com\/es\/?p=96758"},"modified":"2021-03-16T15:29:30","modified_gmt":"2021-03-16T15:29:30","slug":"organizaciones-bloquean-crucero-de-la-fuente-de-las-ocho-regiones-piden-mesa-de-dialogo-con-gobiernos-0905-h","status":"publish","type":"post","link":"https:\/\/dimensionturistica.com\/es\/organizaciones-bloquean-crucero-de-la-fuente-de-las-ocho-regiones-piden-mesa-de-dialogo-con-gobiernos-0905-h\/","title":{"rendered":"Organizaciones bloquean crucero de la fuente de las Ocho Regiones, piden mesa de di\u00e1logo con Gobiernos (09:05 h)"},"content":{"rendered":"<p> <br \/>\n<\/p>\n<div>\n<p style=\"text-align: justify;\">Sarai Jim\u00e9nez<u\/><u\/><\/p>\n<p style=\"text-align: justify;\">Oaxaca de Ju\u00e1rez, 16 de marzo. Militantes de la Uni\u00f3n de Artesanos y Comerciantes Oaxaque\u00f1os en Lucha (UACOL) y de la\u00a0Uni\u00f3n Campesina Ind\u00edgena Standard Emiliano Zapata, bloquean el paso sobre la calzada Porfirio D\u00edaz, a la altura de la Escuela de Medicina, para demandar a los gobiernos federal y estatal la reinstalaci\u00f3n de una mesa de di\u00e1logo donde se atiendan sus demandas.<u\/><u\/><\/p>\n<p style=\"text-align: justify;\"><img decoding=\"async\" class=\"alignleft size-medium wp-image-356575\" src=\"https:\/\/dimensionturistica.com\/es\/wp-content\/uploads\/2021\/03\/Organizaciones-bloquean-crucero-de-la-fuente-de-las-Ocho-Regiones.jpg\" alt=\"\" width=\"300\" height=\"218\"  \/><\/p>\n<p style=\"text-align: justify;\"><u\/>\u00a0<u\/><\/p>\n<p style=\"text-align: justify;\">Maximiliano Cruz Jim\u00e9nez, representante de la Uni\u00f3n Campesina Ind\u00edgena, se\u00f1al\u00f3 que las autoridades responsables no\u00a0han querido rehabilitar ni dotar de medicamentos las cl\u00ednicas de salud en las comunidades donde tienen presencia.<u\/><u\/><\/p>\n<p style=\"text-align: justify;\"><u\/>\u00a0<u\/><\/p>\n<p style=\"text-align: justify;\">Dijo que en esta Jornada de Lucha por Salud, Pan, Trabajo y Justicia en Oaxaca,\u00a0\u00a0convocada por el Frente Standard Revolucionario (FPR) los acompa\u00f1an pobladores de\u00a0Santa Catarina Juquila, San Marcos Zacatepec, San Lucas el Vidrio, Arroyo Triste, San Marcos Pe\u00f1as Negras, y el Mamey, entre otras.<u\/><u\/><\/p>\n<p style=\"text-align: justify;\"><u\/>\u00a0<u\/><\/p>\n<p style=\"text-align: justify;\">Record\u00f3 que las principales demandas de esta movilizaci\u00f3n son: justicia para Tom\u00e1s Mart\u00ednez Pinacho, la construcci\u00f3n de centros de salud y hospitales, por la consulta a los pueblos de Oaxaca para que no se impongan la construcci\u00f3n de megaproyectos como el Tren Maya en el sureste de M\u00e9xico, y por la recesi\u00f3n de todas las concesiones mineras otorgadas por los gobiernos anteriores.<u\/><u\/><\/p>\n<p style=\"text-align: justify;\"><u\/>\u00a0<u\/><\/p>\n<p style=\"text-align: justify;\">Advirti\u00f3 que podr\u00edan salir en marcha de la Fuente de las Ocho Regiones en cualquier momento hacia el z\u00f3calo, adem\u00e1s de bloquear otros cruceros de esta capital, por lo que todo depender\u00e1\u00a0\u00a0de la atenci\u00f3n que logren a sus demandas por parte del gobierno estatal.<\/p>\n<p>\t\t\t\t\t\t\t\t\t\t<br class=\"clear\"\/><\/p>\n<hr\/>\n<h5 class=\"share_label\">\nCompartir<\/h5>\n<p><br class=\"clear\"\/><\/p><\/div>\n\n<p><em> &#8221; Fuentes www.adnsureste.info &#8221; <\/em><\/p>\n","protected":false},"excerpt":{"rendered":"<p>Sarai Jim\u00e9nez Oaxaca de Ju\u00e1rez, 16 de marzo. Militantes de la Uni\u00f3n de Artesanos y Comerciantes Oaxaque\u00f1os en Lucha (UACOL) y de la\u00a0Uni\u00f3n Campesina Ind\u00edgena Standard Emiliano Zapata, bloquean el paso sobre la calzada Porfirio D\u00edaz, a la altura de la Escuela de Medicina, para demandar a los gobiernos federal y estatal la reinstalaci\u00f3n de [&hellip;]<\/p>\n","protected":false},"author":4,"featured_media":0,"comment_status":"open","ping_status":"closed","sticky":false,"template":"","format":"standard","meta":{"om_disable_all_campaigns":false,"jnews-multi-image_gallery":[],"jnews_single_post":[],"jnews_primary_category":[],"jnews_social_meta":[],"footnotes":""},"categories":[41],"tags":[],"class_list":["post-96758","post","type-post","status-publish","format-standard","hentry","category-cruceros"],"_links":{"self":[{"href":"https:\/\/dimensionturistica.com\/es\/wp-json\/wp\/v2\/posts\/96758","targetHints":{"allow":["GET"]}}],"collection":[{"href":"https:\/\/dimensionturistica.com\/es\/wp-json\/wp\/v2\/posts"}],"about":[{"href":"https:\/\/dimensionturistica.com\/es\/wp-json\/wp\/v2\/types\/post"}],"author":[{"embeddable":true,"href":"https:\/\/dimensionturistica.com\/es\/wp-json\/wp\/v2\/users\/4"}],"replies":[{"embeddable":true,"href":"https:\/\/dimensionturistica.com\/es\/wp-json\/wp\/v2\/comments?post=96758"}],"version-history":[{"count":0,"href":"https:\/\/dimensionturistica.com\/es\/wp-json\/wp\/v2\/posts\/96758\/revisions"}],"wp:attachment":[{"href":"https:\/\/dimensionturistica.com\/es\/wp-json\/wp\/v2\/media?parent=96758"}],"wp:term":[{"taxonomy":"category","embeddable":true,"href":"https:\/\/dimensionturistica.com\/es\/wp-json\/wp\/v2\/categories?post=96758"},{"taxonomy":"post_tag","embeddable":true,"href":"https:\/\/dimensionturistica.com\/es\/wp-json\/wp\/v2\/tags?post=96758"}],"curies":[{"name":"wp","href":"https:\/\/api.w.org\/{rel}","templated":true}]}}