{"id":96721,"date":"2021-03-16T14:31:31","date_gmt":"2021-03-16T14:31:31","guid":{"rendered":"https:\/\/dimensionturistica.com\/es\/?p=96721"},"modified":"2021-03-16T14:31:31","modified_gmt":"2021-03-16T14:31:31","slug":"gobierno-reasigna-900-mdp-para-el-tren-interurbano-mexico-toluca","status":"publish","type":"post","link":"https:\/\/dimensionturistica.com\/es\/gobierno-reasigna-900-mdp-para-el-tren-interurbano-mexico-toluca\/","title":{"rendered":"Gobierno reasigna 900 mdp para el Tren Interurbano M\u00e9xico-Toluca"},"content":{"rendered":"<p> <br \/>\n<\/p>\n<div>\n<div>\n<p class=\"paragraph\" data-count=\"178\" data-wrap=\"26\">La Secretar\u00eda de Comunicaciones y Transportes (SCT) reasign\u00f3 un whole de 900 millones de pesos para continuar con los trabajos de construcci\u00f3n del Tren Interurbano M\u00e9xico-Toluca.<\/p>\n<p class=\"paragraph\" data-count=\"401\" data-wrap=\"65\">En el documento publicado <a rel=\"nofollow noopener\" target=\"_blank\" class=\"ef__link\" href=\"https:\/\/www.dof.gob.mx\/nota_detalle.php?codigo=5613598&amp;fecha=16\/03\/2021\">en el Diario Oficial de la Federaci\u00f3n (DOF),<\/a> se se\u00f1ala que parte de los recursos ser\u00e1n empleados para la construcci\u00f3n del tramo ferroviario de doble v\u00eda con origen en la salida de los t\u00faneles sobre la Autopista M\u00e9xico-Toluca con una estaci\u00f3n en Santa Fe y una terminal en el Centro de Transferencia Integral de Observatorio, un tramo conocido como &#8216;T\u00fanel-Metro Observatorio&#8217;.<\/p>\n<p class=\"paragraph\" data-count=\"143\" data-wrap=\"25\">El monto tambi\u00e9n se emplear\u00e1 para concluir la obra civil para la llegada a <strong>la estaci\u00f3n Santa Fe<\/strong>, como son trabes, prelosas, banquetas y faldon.<\/p>\n<p class=\"paragraph\" data-count=\"159\" data-wrap=\"27\">M\u00e1s de la mitad de los recursos reasignados (500 millones de pesos) ser\u00e1n depositados este mes, mientras que el dinero restante ser\u00e1 enviado en julio pr\u00f3ximo. <\/p>\n<p class=\"paragraph\" data-count=\"203\" data-wrap=\"33\">Hasta octubre del a\u00f1o pasado, el Tren Interurbano M\u00e9xico-Toluca presentaba un avance world de <strong>m\u00e1s de 85 por ciento<\/strong>. El proyecto est\u00e1 en construcci\u00f3n desde 2013 y su inauguraci\u00f3n est\u00e1 prevista para 2022.<\/p>\n<p class=\"paragraph\" data-count=\"33\" data-wrap=\"5\"><strong>Sobre este tema, te recomendamos:<\/strong><\/p>\n<p class=\"paragraph\" data-count=\"68\" data-wrap=\"10\"><a rel=\"nofollow noopener\" target=\"_blank\" class=\"ef__link\" href=\"https:\/\/elfinanciero.com.mx\/empresas\/esos-son-los-desafios-que-enfrenta-el-tren-interurbano-mexico-toluca\">Esos son los desaf\u00edos que enfrenta el Tren Interurbano M\u00e9xico-Toluca<\/a><\/p>\n<p class=\"paragraph\" data-count=\"74\" data-wrap=\"12\"><a rel=\"nofollow noopener\" target=\"_blank\" class=\"ef__link\" href=\"https:\/\/elfinanciero.com.mx\/nacional\/se-podrian-incrementar-hasta-1-600-mdp-los-gastos-en-tren-interurbano-sct\">Se podr\u00edan incrementar hasta 1,600 mdp los gastos en tren interurbano: SCT<\/a><\/p>\n<\/div>\n<\/div>\n\n<p><em> &#8221; Fuentes www.elfinanciero.com.mx &#8221; <\/em><\/p>\n","protected":false},"excerpt":{"rendered":"<p>La Secretar\u00eda de Comunicaciones y Transportes (SCT) reasign\u00f3 un whole de 900 millones de pesos para continuar con los trabajos de construcci\u00f3n del Tren Interurbano M\u00e9xico-Toluca. En el documento publicado en el Diario Oficial de la Federaci\u00f3n (DOF), se se\u00f1ala que parte de los recursos ser\u00e1n empleados para la construcci\u00f3n del tramo ferroviario de doble [&hellip;]<\/p>\n","protected":false},"author":4,"featured_media":96722,"comment_status":"open","ping_status":"closed","sticky":false,"template":"","format":"standard","meta":{"om_disable_all_campaigns":false,"jnews-multi-image_gallery":[],"jnews_single_post":[],"jnews_primary_category":[],"jnews_social_meta":[],"footnotes":""},"categories":[41],"tags":[],"class_list":["post-96721","post","type-post","status-publish","format-standard","has-post-thumbnail","hentry","category-cruceros"],"_links":{"self":[{"href":"https:\/\/dimensionturistica.com\/es\/wp-json\/wp\/v2\/posts\/96721","targetHints":{"allow":["GET"]}}],"collection":[{"href":"https:\/\/dimensionturistica.com\/es\/wp-json\/wp\/v2\/posts"}],"about":[{"href":"https:\/\/dimensionturistica.com\/es\/wp-json\/wp\/v2\/types\/post"}],"author":[{"embeddable":true,"href":"https:\/\/dimensionturistica.com\/es\/wp-json\/wp\/v2\/users\/4"}],"replies":[{"embeddable":true,"href":"https:\/\/dimensionturistica.com\/es\/wp-json\/wp\/v2\/comments?post=96721"}],"version-history":[{"count":0,"href":"https:\/\/dimensionturistica.com\/es\/wp-json\/wp\/v2\/posts\/96721\/revisions"}],"wp:featuredmedia":[{"embeddable":true,"href":"https:\/\/dimensionturistica.com\/es\/wp-json\/wp\/v2\/media\/96722"}],"wp:attachment":[{"href":"https:\/\/dimensionturistica.com\/es\/wp-json\/wp\/v2\/media?parent=96721"}],"wp:term":[{"taxonomy":"category","embeddable":true,"href":"https:\/\/dimensionturistica.com\/es\/wp-json\/wp\/v2\/categories?post=96721"},{"taxonomy":"post_tag","embeddable":true,"href":"https:\/\/dimensionturistica.com\/es\/wp-json\/wp\/v2\/tags?post=96721"}],"curies":[{"name":"wp","href":"https:\/\/api.w.org\/{rel}","templated":true}]}}