{"id":96718,"date":"2021-03-16T14:23:29","date_gmt":"2021-03-16T14:23:29","guid":{"rendered":"https:\/\/dimensionturistica.com\/es\/?p=96718"},"modified":"2021-03-16T14:23:29","modified_gmt":"2021-03-16T14:23:29","slug":"cozumel-se-dice-listo-para-la-semana-santa","status":"publish","type":"post","link":"https:\/\/dimensionturistica.com\/es\/cozumel-se-dice-listo-para-la-semana-santa\/","title":{"rendered":"Cozumel se dice listo para la Semana Santa"},"content":{"rendered":"<p> <br \/>\n<\/p>\n<div>\n<div class=\"jeg_ad jeg_ad_article jnews_content_inline_ads  \">\n<div class=\"ads-wrapper align-center \">\n<div class=\"ads_shortcode\">\n<div class=\"radio-inlinecontent1\" id=\"radio-426867280\"\/><\/div>\n<\/div>\n<\/div>\n<p>Tomando en cuenta las restricciones que se tienen por la pandemia de Covid 19, para la ya pr\u00f3xima temporada vacacional de Semana Santa, Cozumel tiene buenas expectativas tur\u00edsticas, indic\u00f3<br \/>Juan Pablo M\u00fcdespacher, presidente de la Asociaci\u00f3n de Hoteles de la isla.<\/p>\n<p>Indic\u00f3 que esperan un repunte entre el diez a quince por ciento en afluencia de visitantes, especialmente del mercado nacional.<\/p>\n<blockquote class=\"twitter-tweet\" data-width=\"500\" data-dnt=\"true\">\n<p lang=\"es\" dir=\"ltr\">\u00a1Bienvenidos a nuestro hermoso para\u00edso azul! &#x1f30a;<br \/>Lo que ves no es un sue\u00f1o, <a rel=\"nofollow noopener\" target=\"_blank\" href=\"https:\/\/twitter.com\/hashtag\/CozumelEsReal?src=hash&amp;ref_src=twsrc%5Etfw\">#CozumelEsReal<\/a>! &#x1f929;<a rel=\"nofollow noopener\" target=\"_blank\" href=\"https:\/\/twitter.com\/hashtag\/VisitCozumel?src=hash&amp;ref_src=twsrc%5Etfw\">#VisitCozumel<\/a> <a rel=\"nofollow noopener\" target=\"_blank\" href=\"https:\/\/twitter.com\/hashtag\/IslaCozumel?src=hash&amp;ref_src=twsrc%5Etfw\">#IslaCozumel<\/a> <a rel=\"nofollow noopener\" target=\"_blank\" href=\"https:\/\/twitter.com\/hashtag\/VistMexico?src=hash&amp;ref_src=twsrc%5Etfw\">#VistMexico<\/a> <a rel=\"nofollow noopener\" target=\"_blank\" href=\"https:\/\/twitter.com\/hashtag\/VisitCaribeMexicano?src=hash&amp;ref_src=twsrc%5Etfw\">#VisitCaribeMexicano<\/a> <a rel=\"nofollow noopener\" target=\"_blank\" href=\"https:\/\/twitter.com\/hashtag\/SafeTravels?src=hash&amp;ref_src=twsrc%5Etfw\">#SafeTravels<\/a> <a rel=\"nofollow noopener\" target=\"_blank\" href=\"https:\/\/twitter.com\/hashtag\/MexicanCaribbean?src=hash&amp;ref_src=twsrc%5Etfw\">#MexicanCaribbean<\/a> <a rel=\"nofollow noopener\" target=\"_blank\" href=\"https:\/\/twitter.com\/hashtag\/Hotels?src=hash&amp;ref_src=twsrc%5Etfw\">#Hotels<\/a> <a rel=\"nofollow noopener\" target=\"_blank\" href=\"https:\/\/twitter.com\/hashtag\/RivieraMaya?src=hash&amp;ref_src=twsrc%5Etfw\">#RivieraMaya<\/a> <a rel=\"nofollow noopener\" target=\"_blank\" href=\"https:\/\/twitter.com\/hashtag\/Cozumel?src=hash&amp;ref_src=twsrc%5Etfw\">#Cozumel<\/a> <a rel=\"nofollow noopener\" target=\"_blank\" href=\"https:\/\/twitter.com\/hashtag\/VuelosDirectos?src=hash&amp;ref_src=twsrc%5Etfw\">#VuelosDirectos<\/a> <a rel=\"nofollow noopener\" target=\"_blank\" href=\"https:\/\/twitter.com\/hashtag\/CaribeMexicano?src=hash&amp;ref_src=twsrc%5Etfw\">#CaribeMexicano<\/a> <a rel=\"nofollow noopener\" target=\"_blank\" href=\"https:\/\/twitter.com\/hashtag\/Paradise?src=hash&amp;ref_src=twsrc%5Etfw\">#Paradise<\/a> <a rel=\"nofollow noopener\" target=\"_blank\" href=\"https:\/\/twitter.com\/hashtag\/ViajaSeguro?src=hash&amp;ref_src=twsrc%5Etfw\">#ViajaSeguro<\/a> <a rel=\"nofollow noopener\" target=\"_blank\" href=\"https:\/\/t.co\/dVeeP94Ckg\">pic.twitter.com\/dVeeP94Ckg<\/a><\/p>\n<p>\u2014 Isla Cozumel (@CzmHotels) <a rel=\"nofollow noopener\" target=\"_blank\" href=\"https:\/\/twitter.com\/CzmHotels\/status\/1371465781750415360?ref_src=twsrc%5Etfw\">March 15, 2021<\/a><\/p>\n<\/blockquote>\n<p>Record\u00f3 que todav\u00eda se encuentra castigado el sector de cruceros, con una ca\u00edda durante el a\u00f1o pasado del 60 por ciento en afluencia y derrama econ\u00f3mica hacia la llamada isla de las golondrinas.<\/p>\n<\/div>\n<p><script async src=\"\/\/platform.twitter.com\/widgets.js\" charset=\"utf-8\"><\/script><script type=\"text\/javascript\">!function(f,b,e,v,n,t,s){if(f.fbq)return;n=f.fbq=function(){n.callMethod?n.callMethod.apply(n,arguments):n.queue.push(arguments)};if(!f._fbq)f._fbq=n;n.push=n;n.loaded=!0;n.version='2.0';n.queue=[];t=b.createElement(e);t.async=!0;t.src=v;s=b.getElementsByTagName(e)[0];s.parentNode.insertBefore(t,s)}(window,document,'script','https:\/\/connect.facebook.net\/en_US\/fbevents.js')<\/script><br \/>\n<br \/><\/p>\n<p><em> &#8221; Fuentes radioformulaqr.com &#8221; <\/em><\/p>\n","protected":false},"excerpt":{"rendered":"<p>Tomando en cuenta las restricciones que se tienen por la pandemia de Covid 19, para la ya pr\u00f3xima temporada vacacional de Semana Santa, Cozumel tiene buenas expectativas tur\u00edsticas, indic\u00f3Juan Pablo M\u00fcdespacher, presidente de la Asociaci\u00f3n de Hoteles de la isla. Indic\u00f3 que esperan un repunte entre el diez a quince por ciento en afluencia de [&hellip;]<\/p>\n","protected":false},"author":4,"featured_media":96719,"comment_status":"open","ping_status":"closed","sticky":false,"template":"","format":"standard","meta":{"om_disable_all_campaigns":false,"jnews-multi-image_gallery":[],"jnews_single_post":[],"jnews_primary_category":[],"jnews_social_meta":[],"footnotes":""},"categories":[41],"tags":[],"class_list":["post-96718","post","type-post","status-publish","format-standard","has-post-thumbnail","hentry","category-cruceros"],"_links":{"self":[{"href":"https:\/\/dimensionturistica.com\/es\/wp-json\/wp\/v2\/posts\/96718","targetHints":{"allow":["GET"]}}],"collection":[{"href":"https:\/\/dimensionturistica.com\/es\/wp-json\/wp\/v2\/posts"}],"about":[{"href":"https:\/\/dimensionturistica.com\/es\/wp-json\/wp\/v2\/types\/post"}],"author":[{"embeddable":true,"href":"https:\/\/dimensionturistica.com\/es\/wp-json\/wp\/v2\/users\/4"}],"replies":[{"embeddable":true,"href":"https:\/\/dimensionturistica.com\/es\/wp-json\/wp\/v2\/comments?post=96718"}],"version-history":[{"count":0,"href":"https:\/\/dimensionturistica.com\/es\/wp-json\/wp\/v2\/posts\/96718\/revisions"}],"wp:featuredmedia":[{"embeddable":true,"href":"https:\/\/dimensionturistica.com\/es\/wp-json\/wp\/v2\/media\/96719"}],"wp:attachment":[{"href":"https:\/\/dimensionturistica.com\/es\/wp-json\/wp\/v2\/media?parent=96718"}],"wp:term":[{"taxonomy":"category","embeddable":true,"href":"https:\/\/dimensionturistica.com\/es\/wp-json\/wp\/v2\/categories?post=96718"},{"taxonomy":"post_tag","embeddable":true,"href":"https:\/\/dimensionturistica.com\/es\/wp-json\/wp\/v2\/tags?post=96718"}],"curies":[{"name":"wp","href":"https:\/\/api.w.org\/{rel}","templated":true}]}}