{"id":96704,"date":"2021-03-16T14:07:18","date_gmt":"2021-03-16T14:07:18","guid":{"rendered":"https:\/\/dimensionturistica.com\/es\/?p=96704"},"modified":"2021-03-16T14:07:18","modified_gmt":"2021-03-16T14:07:18","slug":"inicia-fpr-movilizaciones-en-la-capital-bloquea-el-crucero-del-ieepo-exigen-atencion-a-sus-demandas-0750-h","status":"publish","type":"post","link":"https:\/\/dimensionturistica.com\/es\/inicia-fpr-movilizaciones-en-la-capital-bloquea-el-crucero-del-ieepo-exigen-atencion-a-sus-demandas-0750-h\/","title":{"rendered":"Inicia FPR movilizaciones en la capital, bloquea el crucero del Ieepo; exigen atenci\u00f3n a sus demandas (07:50 h)"},"content":{"rendered":"<p> <br \/>\n<\/p>\n<div>\n<p style=\"text-align: justify;\">Sarai Jim\u00e9nez<u\/><u\/><\/p>\n<p style=\"text-align: justify;\"><u\/>Oaxaca de Ju\u00e1rez, 16 de marzo. Integrantes del Frente Common Revolucionario (FPR) bloquean el paso sobre la carretera 190,\u00a0\u00a0la altura del crucero del Instituto Estatal de Educaci\u00f3n P\u00fablica de Oaxaca (Ieepo)<u\/><u\/><\/p>\n<p style=\"text-align: justify;\"><u\/>\u00a0<u\/><\/p>\n<p style=\"text-align: justify;\">Esta movilizaci\u00f3n, forma parte de\u00a0su \u201cJornada Estatal de Lucha por\u00a0\u00a0Salud, Pan, Trabajo y Justicia\u201d, a partir de\u00a0\u00a0la cual exigen\u00a0\u00a0la\u00a0\u00a0reinstalaci\u00f3n de una mesa de trabajo con los gobiernos estatal y federal para que se atiendan sus demandas.<img decoding=\"async\" class=\"alignleft size-medium wp-image-356547\" src=\"https:\/\/dimensionturistica.com\/es\/wp-content\/uploads\/2021\/03\/Inicia-FPR-movilizaciones-en-la-capital-bloquea-el-crucero-del.png\" alt=\"\" width=\"300\" height=\"144\"  \/><u\/><u\/><\/p>\n<p style=\"text-align: justify;\">\u00a0<u\/><u\/><\/p>\n<p style=\"text-align: justify;\">El dirigente estatal de esta organizaci\u00f3n, Macario Otalo Padilla, lament\u00f3 que a pesar de los llamados para no politizar la vacunaci\u00f3n,\u00a0\u00a0en Oaxaca\u00a0\u00a0han observado la p\u00e9sima\u00a0\u00a0actitud que han asumido los funcionarios federales, la cual, dijo,\u00a0\u00a0es reprochable y ha provocado manifestaciones.<u\/><u\/><\/p>\n<p style=\"text-align: justify;\">\u00a0<u\/><u\/><\/p>\n<p style=\"text-align: justify;\">Se\u00f1al\u00f3 que la salida del Fiscal Rub\u00e9n Vasconcelos M\u00e9ndez de la Fiscal\u00eda,\u00a0\u00a0termin\u00f3 de evidenciar la falta de justicia y la falta de oficio para resolver las graves violaciones a los derechos humanos y asesinatos pol\u00edticos que hasta hoy siguen en whole impunidad en esta entidad.<u\/><u\/><\/p>\n<p style=\"text-align: justify;\">\u00a0<u\/><u\/><\/p>\n<p style=\"text-align: justify;\">Record\u00f3 que est\u00e1n por cumplirse 7 meses del asesinato pol\u00edtico de su compa\u00f1ero Tom\u00e1s Mart\u00ednez sin que hasta el momento se haya esclarecido este caso o se tengan mayores avances sobre los responsables.<u\/><u\/><\/p>\n<p style=\"text-align: justify;\">\u00a0<u\/><u\/><\/p>\n<p style=\"text-align: justify;\">Sobre este caso, ayer, la Fiscal\u00eda dio a conocer que llev\u00f3\u00a0a audiencia a un segundo possible implicado en el asesinato del integrante del FPR.<u\/><u\/><\/p>\n<p style=\"text-align: justify;\"><u\/> <img decoding=\"async\" class=\"alignleft size-medium wp-image-356546\" src=\"https:\/\/dimensionturistica.com\/es\/wp-content\/uploads\/2021\/03\/1615903638_737_Inicia-FPR-movilizaciones-en-la-capital-bloquea-el-crucero-del.png\" alt=\"\" width=\"300\" height=\"142\"  \/><u\/><\/p>\n<p style=\"text-align: justify;\">A trav\u00e9s de un comunicado, inform\u00f3 que logr\u00f3 aprehender y obtuvo prisi\u00f3n preventiva contra G. D. H. R., se\u00f1alado como segundo implicado en el homicidio de T. J. M. P., -integrante del Frente Common Revolucionario- suscitado en agosto de 2020, en jurisdicci\u00f3n de \u00c1nimas Trujano, regi\u00f3n de Valles Centrales.<u\/><u\/><\/p>\n<p style=\"text-align: justify;\"><u\/>\u00a0<u\/><\/p>\n<p style=\"text-align: justify;\">El imputado fue aprehendido por Agentes Estatales de Investigaci\u00f3n en jurisdicci\u00f3n de Ejutla de Crespo y presentado de forma inmediata ante la autoridad judicial correspondiente, dando cumplimiento a la orden de aprehensi\u00f3n asentada en la causa penal 737\/2020.<u\/><u\/><\/p>\n<p style=\"text-align: justify;\"><u\/>\u00a0<u\/><\/p>\n<p style=\"text-align: justify;\">Los hechos se suscitaron el 24 de agosto de 2020, alrededor de las 18:10 horas, cuando sujetos \u2013entre ellos el possible responsable- agredieron con disparos de arma de fuego a T. J. M. P., caus\u00e1ndole la muerte e hiriendo al masculino R. G., en el inside de un negocio ubicado en el municipio de \u00c1nimas Trujano.<u\/><u\/><\/p>\n<p style=\"text-align: justify;\"><u\/>\u00a0<u\/><\/p>\n<p style=\"text-align: justify;\">Por estos hechos, la Instituci\u00f3n de procuraci\u00f3n de justicia inici\u00f3 una exhaustiva y diligente investigaci\u00f3n \u2013a trav\u00e9s de la Fiscal\u00eda Especializada en Atenci\u00f3n a Delitos de Alto Impacto-, logrando en primera instancia identificar, aprehender y presentar a R. S. E. o R. S. E. ante el Juez de Management, quien determin\u00f3 vincularlo a proceso.<u\/><u\/><\/p>\n<p style=\"text-align: justify;\"><u\/>\u00a0<u\/><\/p>\n<p style=\"text-align: justify;\">En audiencia, el segundo possible implicado solicit\u00f3 la duplicidad del t\u00e9rmino constitucional, mismo que fenece el pr\u00f3ximo 18 de marzo de 2021, quedando en tanto en prisi\u00f3n preventiva.<\/p>\n<p>\t\t\t\t\t\t\t\t\t\t<br class=\"clear\"\/><\/p>\n<hr\/>\n<h5 class=\"share_label\">\nCompartir<\/h5>\n<p><br class=\"clear\"\/><\/p><\/div>\n\n<p><em> &#8221; Fuentes www.adnsureste.info &#8221; <\/em><\/p>\n","protected":false},"excerpt":{"rendered":"<p>Sarai Jim\u00e9nez Oaxaca de Ju\u00e1rez, 16 de marzo. Integrantes del Frente Common Revolucionario (FPR) bloquean el paso sobre la carretera 190,\u00a0\u00a0la altura del crucero del Instituto Estatal de Educaci\u00f3n P\u00fablica de Oaxaca (Ieepo) \u00a0 Esta movilizaci\u00f3n, forma parte de\u00a0su \u201cJornada Estatal de Lucha por\u00a0\u00a0Salud, Pan, Trabajo y Justicia\u201d, a partir de\u00a0\u00a0la cual exigen\u00a0\u00a0la\u00a0\u00a0reinstalaci\u00f3n de una [&hellip;]<\/p>\n","protected":false},"author":4,"featured_media":0,"comment_status":"open","ping_status":"closed","sticky":false,"template":"","format":"standard","meta":{"om_disable_all_campaigns":false,"jnews-multi-image_gallery":[],"jnews_single_post":[],"jnews_primary_category":[],"jnews_social_meta":[],"footnotes":""},"categories":[41],"tags":[],"class_list":["post-96704","post","type-post","status-publish","format-standard","hentry","category-cruceros"],"_links":{"self":[{"href":"https:\/\/dimensionturistica.com\/es\/wp-json\/wp\/v2\/posts\/96704","targetHints":{"allow":["GET"]}}],"collection":[{"href":"https:\/\/dimensionturistica.com\/es\/wp-json\/wp\/v2\/posts"}],"about":[{"href":"https:\/\/dimensionturistica.com\/es\/wp-json\/wp\/v2\/types\/post"}],"author":[{"embeddable":true,"href":"https:\/\/dimensionturistica.com\/es\/wp-json\/wp\/v2\/users\/4"}],"replies":[{"embeddable":true,"href":"https:\/\/dimensionturistica.com\/es\/wp-json\/wp\/v2\/comments?post=96704"}],"version-history":[{"count":0,"href":"https:\/\/dimensionturistica.com\/es\/wp-json\/wp\/v2\/posts\/96704\/revisions"}],"wp:attachment":[{"href":"https:\/\/dimensionturistica.com\/es\/wp-json\/wp\/v2\/media?parent=96704"}],"wp:term":[{"taxonomy":"category","embeddable":true,"href":"https:\/\/dimensionturistica.com\/es\/wp-json\/wp\/v2\/categories?post=96704"},{"taxonomy":"post_tag","embeddable":true,"href":"https:\/\/dimensionturistica.com\/es\/wp-json\/wp\/v2\/tags?post=96704"}],"curies":[{"name":"wp","href":"https:\/\/api.w.org\/{rel}","templated":true}]}}