{"id":96686,"date":"2021-03-16T13:46:47","date_gmt":"2021-03-16T13:46:47","guid":{"rendered":"https:\/\/dimensionturistica.com\/es\/?p=96686"},"modified":"2021-03-16T13:46:48","modified_gmt":"2021-03-16T13:46:48","slug":"una-semana-santa-poco-turistica","status":"publish","type":"post","link":"https:\/\/dimensionturistica.com\/es\/una-semana-santa-poco-turistica\/","title":{"rendered":"Una Semana Santa poco tur\u00edstica"},"content":{"rendered":"<p> <br \/>\n<\/p>\n<div id=\"\">\n<p><img decoding=\"async\" itemprop=\"image\" src=\"https:\/\/www.lancelotdigital.com\/images\/2021\/03\/AEROPUERTODELONDON.jpg\"\/><\/p>\n<p>&#13;<\/p>\n<p><strong>Turismo de Canarias confirma con las aerol\u00edneas un 33% de las plazas ofertadas en 2019<\/strong><\/p>\n<p>&#13;<br \/>\n &#13;<\/p>\n<p>\u00a0<\/p>\n<p>&#13;<\/p>\n<li class=\"texto\"><i class=\"fa fa-file-text-o\"\/>Lancelot Digital<\/li>\n<p>\u00a0&#13;<\/p>\n<p>\u00a0<\/p>\n<p>&#13;<\/p>\n<p>\u00a0<\/p>\n<p>&#13;<\/p>\n<p>La Consejer\u00eda de Turismo, Industria y Comercio del Gobierno de Canarias ha confirmado, a trav\u00e9s de su empresa p\u00fablica Turismo de Islas Canarias, con las diferentes aerol\u00edneas que operan en las Islas una oferta de 174.456 plazas para esta Semana Santa. Una cifra que, comparada con los 528.029 asientos que ofrecieron en 2019, s\u00f3lo supone un 33% de la capacidad a\u00e9rea de la que disfrut\u00f3 el Archipi\u00e9lago durante esta festividad en el a\u00f1o pre-Covid.<\/p>\n<p>&#13;<\/p>\n<p>\u00a0<\/p>\n<p>&#13;<\/p>\n<p>Seg\u00fan la consejera responsable del \u00e1rea, Yaiza Castilla, este descenso en la capacidad a\u00e9rea confirma que &#8220;Canarias no va a tener este a\u00f1o tampoco una Semana Santa que destaque por su actividad tur\u00edstica, m\u00e1s all\u00e1 del turismo interior que supongan los residentes que viajen dentro del Archipi\u00e9lago&#8221;.<\/p>\n<p>&#13;<\/p>\n<p>\u00a0<\/p>\n<p>&#13;<\/p>\n<p>Concretamente, las plazas que conectar\u00e1n Canarias con el extranjero esta Semana Santa ser\u00e1n 92.114, un 76,3% menos que en el a\u00f1o 2019 (388.374 asientos). La capacidad a\u00e9rea con la Pen\u00ednsula ser\u00e1 de 82.342 plazas, un 41% menos que en la \u00e9poca pre-pandemia, cuando fueron 139.655 asientos.<\/p>\n<p>&#13;<\/p>\n<p>\u00a0<\/p>\n<p>&#13;<\/p>\n<p>Castilla lament\u00f3 que esta situaci\u00f3n viene en parte provocada por los datos epidemiol\u00f3gicos que registra Canarias, donde la Incidencia Acumulada (IA) tanto a siete d\u00edas como a 14 d\u00edas se encuentra por encima de los ratios aceptados por los principales pa\u00edses emisores para permitir los viajes sin restricciones. Es el caso de Alemania, que el pasado 12 de marzo decidi\u00f3 sacar de su lista de zonas de riesgo por la Covid a seis comunidades espa\u00f1olas, entre las que no se encontraba Canarias, cuya IA a los 14 d\u00edas supera los cien casos por cada 100.000 habitantes.<\/p>\n<p>&#13;<\/p>\n<p>\u00a0<\/p>\n<p>&#13;<\/p>\n<p>&#8220;Por ello, seguimos realizando un llamamiento a la poblaci\u00f3n residente en las Islas para que todos y todas extrememos las medidas de seguridad y respetemos las restricciones establecidas ya que, en caso de no hacerlo, no s\u00f3lo ponemos en riesgo nuestra salud, sino tambi\u00e9n el motor de nuestra econom\u00eda&#8221;, argumenta la consejera.<\/p>\n<p>&#13;<\/p>\n<p>\u00a0<\/p>\n<p>&#13;<\/p>\n<p>Lufthansa triplica sus plazas<\/p>\n<p>&#13;<\/p>\n<p>\u00a0<\/p>\n<p>&#13;<\/p>\n<p>No obstante, la consejera ha querido destacar la buena noticia que llega de la mano de la compa\u00f1\u00eda Lufthansa, que triplicar\u00e1 su capacidad a\u00e9rea con Canarias en Semana Santa, al operar 35 vuelos semanales frente a los 11 de 2019. La novedad este a\u00f1o radica en que ha a\u00f1adido rutas desde Frankfurt a cuatro islas (Gran Canaria, Tenerife, Fuerteventura y La Palma) y ha aumentado las conexiones que ten\u00eda desde Munich a tres islas (Gran Canaria, Tenerife y Fuerteventura).<\/p>\n<p>&#13;<\/p>\n<p>\u00a0<\/p>\n<p>&#13;<\/p>\n<p>&#8220;Para Canarias, contar con Lufthansa se trata de una muy buena noticia ya que es la primera aerol\u00ednea europea y su estructura nos permite no s\u00f3lo conectarnos con su &#8216;hub&#8217; de Munich o Frankfurt, sino tambi\u00e9n aprovechar sus m\u00faltiples conexiones para llegar a otros destinos del mundo&#8221;, afirma Yaiza Castilla, que tambi\u00e9n destaca que esta compa\u00f1\u00eda est\u00e9 especializada en el tr\u00e1fico &#8216;enterprise&#8217;.<\/p>\n<\/p><\/div>\n<p><script src=\"https:\/\/connect.facebook.net\/es_ES\/all.js#xfbml=1\" type=\"text\/javascript\"><\/script><script type=\"text\/javascript\">\n\/\/<![CDATA[\n   \twindow.fbAsyncInit = function() {\n\t\tFB.init({ appId: '171342606239806', \n\t\t\tstatus: true, \n\t\t\tcookie: true,\n\t\t\txfbml: true,\n\t\t\toauth: true\n\t\t});\n   \t\t    \n\t  \t\t};\n    \/\/      \n    jQuery(window).load(function() {\n    \t(function(){\n    \t\tif(!document.getElementById('fb-root')) {\n    \t\t\tvar root = document.createElement('div');\n    \t\t\troot.id = 'fb-root';\n    \t\t\tdocument.getElementById('gkfb-root').appendChild(root);\n    \t\t\tvar e = document.createElement('script');\n    \t\t\te.src = document.location.protocol + '\/\/connect.facebook.net\/es_ES\/all.js';\n    \t\t\te.async = true;\n    \t\t\tdocument.getElementById('fb-root').appendChild(e);\n    \t\t}  \n    \t})();\n    });\n    \/\/]]>\n<\/script><br \/>\n<br \/><\/p>\n<p><em> &#8221; Fuentes www.lancelotdigital.com &#8221; <\/em><\/p>\n","protected":false},"excerpt":{"rendered":"<p>&#13; Turismo de Canarias confirma con las aerol\u00edneas un 33% de las plazas ofertadas en 2019 &#13; &#13; \u00a0 &#13; Lancelot Digital \u00a0&#13; \u00a0 &#13; \u00a0 &#13; La Consejer\u00eda de Turismo, Industria y Comercio del Gobierno de Canarias ha confirmado, a trav\u00e9s de su empresa p\u00fablica Turismo de Islas Canarias, con las diferentes aerol\u00edneas que [&hellip;]<\/p>\n","protected":false},"author":4,"featured_media":96687,"comment_status":"open","ping_status":"closed","sticky":false,"template":"","format":"standard","meta":{"om_disable_all_campaigns":false,"jnews-multi-image_gallery":[],"jnews_single_post":[],"jnews_primary_category":[],"jnews_social_meta":[],"footnotes":""},"categories":[40],"tags":[946],"class_list":["post-96686","post","type-post","status-publish","format-standard","has-post-thumbnail","hentry","category-industria","tag-lancelot-digital-noticias-lanzarote-diario-digital-periodico-canarias-sucesos-deportes-cultura-vida-social-opinion-semanario-revista"],"_links":{"self":[{"href":"https:\/\/dimensionturistica.com\/es\/wp-json\/wp\/v2\/posts\/96686","targetHints":{"allow":["GET"]}}],"collection":[{"href":"https:\/\/dimensionturistica.com\/es\/wp-json\/wp\/v2\/posts"}],"about":[{"href":"https:\/\/dimensionturistica.com\/es\/wp-json\/wp\/v2\/types\/post"}],"author":[{"embeddable":true,"href":"https:\/\/dimensionturistica.com\/es\/wp-json\/wp\/v2\/users\/4"}],"replies":[{"embeddable":true,"href":"https:\/\/dimensionturistica.com\/es\/wp-json\/wp\/v2\/comments?post=96686"}],"version-history":[{"count":0,"href":"https:\/\/dimensionturistica.com\/es\/wp-json\/wp\/v2\/posts\/96686\/revisions"}],"wp:featuredmedia":[{"embeddable":true,"href":"https:\/\/dimensionturistica.com\/es\/wp-json\/wp\/v2\/media\/96687"}],"wp:attachment":[{"href":"https:\/\/dimensionturistica.com\/es\/wp-json\/wp\/v2\/media?parent=96686"}],"wp:term":[{"taxonomy":"category","embeddable":true,"href":"https:\/\/dimensionturistica.com\/es\/wp-json\/wp\/v2\/categories?post=96686"},{"taxonomy":"post_tag","embeddable":true,"href":"https:\/\/dimensionturistica.com\/es\/wp-json\/wp\/v2\/tags?post=96686"}],"curies":[{"name":"wp","href":"https:\/\/api.w.org\/{rel}","templated":true}]}}