{"id":96432,"date":"2021-03-16T00:08:13","date_gmt":"2021-03-16T00:08:13","guid":{"rendered":"https:\/\/dimensionturistica.com\/es\/?p=96432"},"modified":"2021-03-16T00:08:13","modified_gmt":"2021-03-16T00:08:13","slug":"ceo-de-carnival-industria-de-cruceros-recien-se-recuperara-en-2023","status":"publish","type":"post","link":"https:\/\/dimensionturistica.com\/es\/ceo-de-carnival-industria-de-cruceros-recien-se-recuperara-en-2023\/","title":{"rendered":"CEO de Carnival: Industria de cruceros reci\u00e9n se recuperar\u00e1 en 2023"},"content":{"rendered":"<p> <br \/>\n<\/p>\n<div>\n<p><span id=\"more-179223\"\/><strong>Por Redacci\u00f3n PortalPortuario.cl<\/strong><\/p>\n<p><strong>@PortalPortuario<\/strong><\/p>\n<hr\/>\n<p style=\"text-align: justify;\"><strong>Arnold Donald, director ejecutivo de Carnival Company<\/strong>, indic\u00f3 que se esperan dos a\u00f1os dif\u00edciles para la industria de cruceros, la cual volver\u00e1 a niveles \u201cnormales\u201d reci\u00e9n en 2023.<\/p>\n<p style=\"text-align: justify;\"><img decoding=\"async\" loading=\"lazy\" class=\"alignleft size-medium wp-image-131571\" src=\"https:\/\/dimensionturistica.com\/es\/wp-content\/uploads\/2021\/03\/CEO-de-Carnival-Industria-de-cruceros-recien-se-recuperara-en.jpeg\" alt=\"\" width=\"330\" height=\"248\"\/>En una entrevista con <a rel=\"nofollow noopener\" target=\"_blank\" href=\"https:\/\/www.ft.com\/content\/80ffc63d-a88d-4d95-9252-ff7054747515\">Financial Times,<\/a> Donald dijo que si bien la flota completa de la compa\u00f1\u00eda puede estar navegando a fines de este a\u00f1o, se necesitar\u00e1 m\u00e1s tiempo para que la recuperaci\u00f3n alcance el aspecto financiero.<\/p>\n<p style=\"text-align: justify;\">Esto, luego que en enero pasado se diera a conocer el informe de ganancias de Carnival para el cuarto trimestre, donde lleg\u00f3 a USD 34 millones, lejos de las estimaciones de USD 96,89 millones proyectado por los analistas.<\/p>\n<p style=\"text-align: justify;\"><strong>Carnival Cruises <\/strong>extendi\u00f3 sus suspensiones hasta al menos marzo, mientras <strong>Holland America <\/strong>hizo lo propio hasta abril y<strong> Princess Cruises <\/strong>hasta mayo.<\/p>\n<hr\/><\/div>\n\n<p><em> &#8221; Fuentes portalportuario.cl &#8221; <\/em><\/p>\n","protected":false},"excerpt":{"rendered":"<p>Por Redacci\u00f3n PortalPortuario.cl @PortalPortuario Arnold Donald, director ejecutivo de Carnival Company, indic\u00f3 que se esperan dos a\u00f1os dif\u00edciles para la industria de cruceros, la cual volver\u00e1 a niveles \u201cnormales\u201d reci\u00e9n en 2023. En una entrevista con Financial Times, Donald dijo que si bien la flota completa de la compa\u00f1\u00eda puede estar navegando a fines de [&hellip;]<\/p>\n","protected":false},"author":4,"featured_media":96433,"comment_status":"open","ping_status":"closed","sticky":false,"template":"","format":"standard","meta":{"om_disable_all_campaigns":false,"jnews-multi-image_gallery":[],"jnews_single_post":[],"jnews_primary_category":[],"jnews_social_meta":[],"footnotes":""},"categories":[41],"tags":[],"class_list":["post-96432","post","type-post","status-publish","format-standard","has-post-thumbnail","hentry","category-cruceros"],"_links":{"self":[{"href":"https:\/\/dimensionturistica.com\/es\/wp-json\/wp\/v2\/posts\/96432","targetHints":{"allow":["GET"]}}],"collection":[{"href":"https:\/\/dimensionturistica.com\/es\/wp-json\/wp\/v2\/posts"}],"about":[{"href":"https:\/\/dimensionturistica.com\/es\/wp-json\/wp\/v2\/types\/post"}],"author":[{"embeddable":true,"href":"https:\/\/dimensionturistica.com\/es\/wp-json\/wp\/v2\/users\/4"}],"replies":[{"embeddable":true,"href":"https:\/\/dimensionturistica.com\/es\/wp-json\/wp\/v2\/comments?post=96432"}],"version-history":[{"count":0,"href":"https:\/\/dimensionturistica.com\/es\/wp-json\/wp\/v2\/posts\/96432\/revisions"}],"wp:featuredmedia":[{"embeddable":true,"href":"https:\/\/dimensionturistica.com\/es\/wp-json\/wp\/v2\/media\/96433"}],"wp:attachment":[{"href":"https:\/\/dimensionturistica.com\/es\/wp-json\/wp\/v2\/media?parent=96432"}],"wp:term":[{"taxonomy":"category","embeddable":true,"href":"https:\/\/dimensionturistica.com\/es\/wp-json\/wp\/v2\/categories?post=96432"},{"taxonomy":"post_tag","embeddable":true,"href":"https:\/\/dimensionturistica.com\/es\/wp-json\/wp\/v2\/tags?post=96432"}],"curies":[{"name":"wp","href":"https:\/\/api.w.org\/{rel}","templated":true}]}}