{"id":96414,"date":"2021-03-15T22:51:56","date_gmt":"2021-03-15T22:51:56","guid":{"rendered":"https:\/\/dimensionturistica.com\/es\/?p=96414"},"modified":"2021-03-15T22:51:56","modified_gmt":"2021-03-15T22:51:56","slug":"buscan-que-eu-retire-alerta-de-viaje-a-acapulco-y-regresar-cruceros","status":"publish","type":"post","link":"https:\/\/dimensionturistica.com\/es\/buscan-que-eu-retire-alerta-de-viaje-a-acapulco-y-regresar-cruceros\/","title":{"rendered":"Buscan que EU retire alerta de viaje a Acapulco y regresar cruceros"},"content":{"rendered":"<p> <br \/>\n<\/p>\n<div>\n<p>ACAPULCO, Gro., 15 de marzo de 2021.- Representantes de<br \/>\ndiferentes sectores en Acapulco buscan que Estados Unidos retire la alerta de<br \/>\nviaje para visitar este destino de playa, as\u00ed como reanudar la llegada de<br \/>\ncruceros al puerto y con esto reactivar la econom\u00eda y el sector tur\u00edstico. <\/p>\n<p>En una primer reuni\u00f3n de Organizadores y Coaliciones de<br \/>\nAcapulco, presidentes de asociaciones civiles, l\u00edderes transportistas,<br \/>\nturisteros y representantes del sector empresarial, se pronunciaron en contra<br \/>\nde estas medidas del gobierno estadounidense, aunque reconocieron que la<br \/>\nviolencia ha repuntado estos \u00faltimos d\u00edas, por lo que gestionar\u00e1n di\u00e1logos con<br \/>\nautoridades para lograr su objetivo. <\/p>\n<p>El coordinador t\u00e9cnico de la Coalici\u00f3n de Asociaciones<br \/>\nTur\u00edsticas, Julio Santos Garc\u00eda, explic\u00f3 que buscan replicar lo que se hizo en<br \/>\nel municipio de Taxco, donde el pasado mes de noviembre se llev\u00f3 al embajador<br \/>\nde Estados Unidos, Christopher Landau, y retir\u00f3 las alertas logrando el regreso<br \/>\nde visitantes a esa ciudad; ante esto se\u00f1al\u00f3 buscar\u00e1n reunirse con el alcalde<br \/>\npara compartir concepts.<\/p>\n<p>M\u00e1s informaci\u00f3n <a rel=\"nofollow noopener\" target=\"_blank\" href=\"https:\/\/guerrero.quadratin.com.mx\/buscan-que-eu-retire-alerta-de-viaje-a-acapulco-y-regresar-cruceros\/\" aria-label=\"AQU\u00cd (se abre en una nueva pesta\u00f1a)\">AQU\u00cd<\/a><\/p>\n<\/div>\n<p><script>(function(d, s, id) {\n    var js, fjs = d.getElementsByTagName(s)[0];\n    if (d.getElementById(id)) return;\n    js = d.createElement(s); js.id = id;\n    js.src=\"https:\/\/connect.facebook.net\/es_LA\/sdk\/xfbml.customerchat.js#xfbml=1&version=v2.12&autoLogAppEvents=1\";\n    fjs.parentNode.insertBefore(js, fjs);\n  }(document, 'script', 'facebook-jssdk'));<\/script><br \/>\n<br \/><\/p>\n<p><em> &#8221; Fuentes mexico.quadratin.com.mx &#8221; <\/em><\/p>\n","protected":false},"excerpt":{"rendered":"<p>ACAPULCO, Gro., 15 de marzo de 2021.- Representantes de diferentes sectores en Acapulco buscan que Estados Unidos retire la alerta de viaje para visitar este destino de playa, as\u00ed como reanudar la llegada de cruceros al puerto y con esto reactivar la econom\u00eda y el sector tur\u00edstico. En una primer reuni\u00f3n de Organizadores y Coaliciones [&hellip;]<\/p>\n","protected":false},"author":4,"featured_media":96415,"comment_status":"open","ping_status":"closed","sticky":false,"template":"","format":"standard","meta":{"om_disable_all_campaigns":false,"jnews-multi-image_gallery":[],"jnews_single_post":[],"jnews_primary_category":[],"jnews_social_meta":[],"footnotes":""},"categories":[41],"tags":[],"class_list":["post-96414","post","type-post","status-publish","format-standard","has-post-thumbnail","hentry","category-cruceros"],"_links":{"self":[{"href":"https:\/\/dimensionturistica.com\/es\/wp-json\/wp\/v2\/posts\/96414","targetHints":{"allow":["GET"]}}],"collection":[{"href":"https:\/\/dimensionturistica.com\/es\/wp-json\/wp\/v2\/posts"}],"about":[{"href":"https:\/\/dimensionturistica.com\/es\/wp-json\/wp\/v2\/types\/post"}],"author":[{"embeddable":true,"href":"https:\/\/dimensionturistica.com\/es\/wp-json\/wp\/v2\/users\/4"}],"replies":[{"embeddable":true,"href":"https:\/\/dimensionturistica.com\/es\/wp-json\/wp\/v2\/comments?post=96414"}],"version-history":[{"count":0,"href":"https:\/\/dimensionturistica.com\/es\/wp-json\/wp\/v2\/posts\/96414\/revisions"}],"wp:featuredmedia":[{"embeddable":true,"href":"https:\/\/dimensionturistica.com\/es\/wp-json\/wp\/v2\/media\/96415"}],"wp:attachment":[{"href":"https:\/\/dimensionturistica.com\/es\/wp-json\/wp\/v2\/media?parent=96414"}],"wp:term":[{"taxonomy":"category","embeddable":true,"href":"https:\/\/dimensionturistica.com\/es\/wp-json\/wp\/v2\/categories?post=96414"},{"taxonomy":"post_tag","embeddable":true,"href":"https:\/\/dimensionturistica.com\/es\/wp-json\/wp\/v2\/tags?post=96414"}],"curies":[{"name":"wp","href":"https:\/\/api.w.org\/{rel}","templated":true}]}}