{"id":964112,"date":"2025-04-19T16:29:06","date_gmt":"2025-04-19T16:29:06","guid":{"rendered":"https:\/\/dimensionturistica.com\/es\/?p=964112"},"modified":"2025-04-19T16:29:06","modified_gmt":"2025-04-19T16:29:06","slug":"las-mejores-apariciones-de-rihanna-en-la-alfombra-roja-del-met-gala-a-lo-largo-de-los-anos","status":"publish","type":"post","link":"https:\/\/dimensionturistica.com\/es\/las-mejores-apariciones-de-rihanna-en-la-alfombra-roja-del-met-gala-a-lo-largo-de-los-anos\/","title":{"rendered":"Las Mejores Apariciones de Rihanna en la Alfombra Roja del Met Gala a lo Largo de los A\u00f1os"},"content":{"rendered":"<h3>La Met Gala: Un Viaje a Trav\u00e9s de la Moda y el Glamour<\/h3>\n<p>La Met Gala es m\u00e1s que un simple evento; es un espect\u00e1culo donde la alta costura se encuentra con el arte, donde la creatividad de dise\u00f1adores y celebridades se fusiona en un desfile de estilo y originalidad. Celebrada anualmente en el Museo Metropolitano de Arte de Nueva York, esta gala se ha convertido en una de las noches m\u00e1s esperadas del calendario social y de la moda, atrayendo a los amantes de ambos mundos.<\/p>\n<p>Este a\u00f1o, el evento gir\u00f3 en torno a un tema que explor\u00f3 las intersecciones entre la moda y la identidad. Cada asistente se convirti\u00f3 en un int\u00e9rprete de este concepto, utilizando su vestimenta como un lienzo para contar historias y desafiar las normas establecidas. Artistas y celebridades lucieron atuendos que no solo deslumbraron por su belleza, sino que tambi\u00e9n generaron di\u00e1logos sobre la cultura, la historia y la diversidad.<\/p>\n<p>Destacando entre la multitud, una de las figuras m\u00e1s esperadas fue, sin duda, Rihanna. Conocida por su sentido del estilo vanguardista, la ic\u00f3nica cantante no decepcion\u00f3. Su elecci\u00f3n de vestuario, una obra maestra que combina elementos inesperados, captur\u00f3 la atenci\u00f3n de todos y reafirm\u00f3 su lugar en el pante\u00f3n de la moda contempor\u00e1nea. Rihanna no solo se visti\u00f3; se transform\u00f3 en un s\u00edmbolo de la capacidad que tiene la moda para comunicar mensajes profundos.<\/p>\n<p>Las celebridades asistentes a la gala parecen prepararse durante meses, dedicando tiempo y esfuerzo a perfeccionar hasta el \u00faltimo detalle de sus looks. Con cada atuendo, los invitados no solo muestran su estilo personal, sino que tambi\u00e9n aportan a un evento que celebra la creatividad y la audacia. Dise\u00f1adores renombrados compiten por ver qui\u00e9n puede llevar su visi\u00f3n a nuevos niveles, y el resultado es una mezcla fascinante de arte y moda que deja a la audiencia boquiabierta.<\/p>\n<p>Sin embargo, la Met Gala no se trata solo de la puesta en escena; tambi\u00e9n es un momento de reflexi\u00f3n y acci\u00f3n. Cada a\u00f1o, la gala encuentra formas de recaudar fondos para el Costume Institute del Met, una iniciativa que preserva la historia de la moda y la cultura. A trav\u00e9s de esta celebraci\u00f3n, se generan ingresos que permiten investigar y exhibir el impacto del vestuario a lo largo de la historia, abordando temas de importancia social y cultural.<\/p>\n<p>Los fot\u00f3grafos pernoctan en la alfombra roja, listos para capturar cada instante de estilo y emoci\u00f3n. Las redes sociales estallan durante y despu\u00e9s del evento, permitiendo que millones de personas alrededor del mundo participen en la magia de la gala. Los hashtags se convierten en trending topics, y los looks se comentan, analizan y reverberan en la cultura popular.<\/p>\n<p>En un mundo donde la moda puede parecer superficial, la Met Gala se eleva como un recordatorio de que el vestuario puede ser un potente veh\u00edculo de expresi\u00f3n. Desde la extravagancia de la alta costura hasta las sutiles referencias culturales, cada elemento en la gala cuenta una historia que trasciende el tiempo y el espacio.<\/p>\n<p>Un viaje a la Met Gala es, sin duda, una experiencia que muchos desear\u00edan tener. Explorar el bullicio de Nueva York, la elegancia de la gala y la creatividad desenfrenada de los dise\u00f1adores e int\u00e9rpretes es una odisea que combina arte, cultura y pasi\u00f3n. As\u00ed, el evento no solo se convierte en un punto culminante en el calendario de la moda, sino tambi\u00e9n en un viaje inolvidable que resuena con la esencia misma del esp\u00edritu humano: la b\u00fasqueda de la belleza y la innovaci\u00f3n.<\/p>\n<p><em> &#8221; Sources www.vogue.com &#8221; <\/em><\/p>\n<p><em> &#8221; Fuentes www.vogue.com &#8221; <\/em><\/p>\n","protected":false},"excerpt":{"rendered":"<p>La Met Gala: Un Viaje a Trav\u00e9s de la Moda y el Glamour La Met Gala es m\u00e1s que un simple evento; es un espect\u00e1culo donde la alta costura se encuentra con el arte, donde la creatividad de dise\u00f1adores y celebridades se fusiona en un desfile de estilo y originalidad. Celebrada anualmente en el Museo [&hellip;]<\/p>\n","protected":false},"author":4,"featured_media":964113,"comment_status":"open","ping_status":"closed","sticky":false,"template":"","format":"standard","meta":{"om_disable_all_campaigns":false,"jnews-multi-image_gallery":[],"jnews_single_post":[],"jnews_primary_category":[],"jnews_social_meta":[],"footnotes":""},"categories":[144872],"tags":[72867,237,166,76796,14971,167701,203219,165,29097,372,6194],"class_list":["post-964112","post","type-post","status-publish","format-standard","has-post-thumbnail","hentry","category-fashion","tag-beauty","tag-celebrity","tag-fashion","tag-glamour","tag-looks","tag-met-gala","tag-met-gala-2025","tag-red-carpet","tag-rihanna","tag-style","tag-trends"],"_links":{"self":[{"href":"https:\/\/dimensionturistica.com\/es\/wp-json\/wp\/v2\/posts\/964112","targetHints":{"allow":["GET"]}}],"collection":[{"href":"https:\/\/dimensionturistica.com\/es\/wp-json\/wp\/v2\/posts"}],"about":[{"href":"https:\/\/dimensionturistica.com\/es\/wp-json\/wp\/v2\/types\/post"}],"author":[{"embeddable":true,"href":"https:\/\/dimensionturistica.com\/es\/wp-json\/wp\/v2\/users\/4"}],"replies":[{"embeddable":true,"href":"https:\/\/dimensionturistica.com\/es\/wp-json\/wp\/v2\/comments?post=964112"}],"version-history":[{"count":0,"href":"https:\/\/dimensionturistica.com\/es\/wp-json\/wp\/v2\/posts\/964112\/revisions"}],"wp:featuredmedia":[{"embeddable":true,"href":"https:\/\/dimensionturistica.com\/es\/wp-json\/wp\/v2\/media\/964113"}],"wp:attachment":[{"href":"https:\/\/dimensionturistica.com\/es\/wp-json\/wp\/v2\/media?parent=964112"}],"wp:term":[{"taxonomy":"category","embeddable":true,"href":"https:\/\/dimensionturistica.com\/es\/wp-json\/wp\/v2\/categories?post=964112"},{"taxonomy":"post_tag","embeddable":true,"href":"https:\/\/dimensionturistica.com\/es\/wp-json\/wp\/v2\/tags?post=964112"}],"curies":[{"name":"wp","href":"https:\/\/api.w.org\/{rel}","templated":true}]}}