{"id":96362,"date":"2021-03-15T20:02:31","date_gmt":"2021-03-15T20:02:31","guid":{"rendered":"https:\/\/dimensionturistica.com\/es\/?p=96362"},"modified":"2021-03-15T20:02:31","modified_gmt":"2021-03-15T20:02:31","slug":"se-cumple-un-ano-del-ultimo-arribo-de-un-crucero-a-puerto-vallarta","status":"publish","type":"post","link":"https:\/\/dimensionturistica.com\/es\/se-cumple-un-ano-del-ultimo-arribo-de-un-crucero-a-puerto-vallarta\/","title":{"rendered":"Se cumple un a\u00f1o del \u00faltimo arribo de un crucero a Puerto Vallarta"},"content":{"rendered":"<p> <br \/>\n<\/p>\n<div>\n<h3>La pandemia se ha prolongado y los turistas dejaron de venir; hace un a\u00f1o lleg\u00f3 el \u00faltimo crucero al puerto y no hay fecha de reactivaci\u00f3n.<\/h3>\n<p>Las consecuencias econ\u00f3micas que ha dejado la pandemia a los destinos tur\u00edsticos del mundo es, todav\u00eda, incalculable y Puerto Vallarta, una ciudad que depende al 98% de esta industria, no es la excepci\u00f3n.<\/p>\n<p>Hace exactamente un a\u00f1o, el domingo 15 de marzo del 2020, lleg\u00f3 el \u00faltimo crucero con turistas, sin embargo, solo bajaron para ser repatriados a sus lugares de origen.<\/p>\n<p>En aquella ocasi\u00f3n est\u00e1bamos \u2018en pa\u00f1ales\u2019 con miras a la proyecci\u00f3n de la duraci\u00f3n de la pandemia y se especulaba que los turistas regresar\u00edan en abril del mismo 2020.<\/p>\n<p>Hoy, un a\u00f1o despu\u00e9s, todav\u00eda no hay fecha de reactivaci\u00f3n de este sector de turistas que tanta derrama econ\u00f3mica deja en Vallarta y que, adem\u00e1s, genera miles de empleos directos.<\/p>\n<p>Se espera que para la segunda mitad del a\u00f1o, a partir de julio, comiencen a darse los primeros viajes en cruceros, sin embargo, depender\u00e1 del proceso de vacunaci\u00f3n en los pa\u00edses receptores y los porcentajes permitidos para que sea rentable iniciar operaciones.<\/p>\n<p>\u00a0<\/p>\n<p><!-- AI CONTENT END 1 --><\/p><\/div>\n<p><script>\n  !function(f,b,e,v,n,t,s)\n  {if(f.fbq)return;n=f.fbq=function(){n.callMethod?\n  n.callMethod.apply(n,arguments):n.queue.push(arguments)};\n  if(!f._fbq)f._fbq=n;n.push=n;n.loaded=!0;n.version='2.0';\n  n.queue=[];t=b.createElement(e);t.async=!0;\n  t.src=v;s=b.getElementsByTagName(e)[0];\n  s.parentNode.insertBefore(t,s)}(window, document,'script',\n  'https:\/\/connect.facebook.net\/en_US\/fbevents.js');\n  fbq('init', '1865628567061504');\n  fbq('track', 'PageView');\n<\/script><br \/>\n<br \/><\/p>\n<p><em> &#8221; Fuentes vallartaindependiente.com &#8221; <\/em><\/p>\n","protected":false},"excerpt":{"rendered":"<p>La pandemia se ha prolongado y los turistas dejaron de venir; hace un a\u00f1o lleg\u00f3 el \u00faltimo crucero al puerto y no hay fecha de reactivaci\u00f3n. Las consecuencias econ\u00f3micas que ha dejado la pandemia a los destinos tur\u00edsticos del mundo es, todav\u00eda, incalculable y Puerto Vallarta, una ciudad que depende al 98% de esta industria, [&hellip;]<\/p>\n","protected":false},"author":4,"featured_media":96363,"comment_status":"open","ping_status":"closed","sticky":false,"template":"","format":"standard","meta":{"om_disable_all_campaigns":false,"jnews-multi-image_gallery":[],"jnews_single_post":[],"jnews_primary_category":[],"jnews_social_meta":[],"footnotes":""},"categories":[41],"tags":[],"class_list":["post-96362","post","type-post","status-publish","format-standard","has-post-thumbnail","hentry","category-cruceros"],"_links":{"self":[{"href":"https:\/\/dimensionturistica.com\/es\/wp-json\/wp\/v2\/posts\/96362","targetHints":{"allow":["GET"]}}],"collection":[{"href":"https:\/\/dimensionturistica.com\/es\/wp-json\/wp\/v2\/posts"}],"about":[{"href":"https:\/\/dimensionturistica.com\/es\/wp-json\/wp\/v2\/types\/post"}],"author":[{"embeddable":true,"href":"https:\/\/dimensionturistica.com\/es\/wp-json\/wp\/v2\/users\/4"}],"replies":[{"embeddable":true,"href":"https:\/\/dimensionturistica.com\/es\/wp-json\/wp\/v2\/comments?post=96362"}],"version-history":[{"count":0,"href":"https:\/\/dimensionturistica.com\/es\/wp-json\/wp\/v2\/posts\/96362\/revisions"}],"wp:featuredmedia":[{"embeddable":true,"href":"https:\/\/dimensionturistica.com\/es\/wp-json\/wp\/v2\/media\/96363"}],"wp:attachment":[{"href":"https:\/\/dimensionturistica.com\/es\/wp-json\/wp\/v2\/media?parent=96362"}],"wp:term":[{"taxonomy":"category","embeddable":true,"href":"https:\/\/dimensionturistica.com\/es\/wp-json\/wp\/v2\/categories?post=96362"},{"taxonomy":"post_tag","embeddable":true,"href":"https:\/\/dimensionturistica.com\/es\/wp-json\/wp\/v2\/tags?post=96362"}],"curies":[{"name":"wp","href":"https:\/\/api.w.org\/{rel}","templated":true}]}}