{"id":96255,"date":"2021-03-15T16:18:12","date_gmt":"2021-03-15T16:18:12","guid":{"rendered":"https:\/\/dimensionturistica.com\/es\/?p=96255"},"modified":"2021-03-15T16:18:13","modified_gmt":"2021-03-15T16:18:13","slug":"crucero-de-fred-olsen-hara-la-vuelta-al-mundo-en-80-dias","status":"publish","type":"post","link":"https:\/\/dimensionturistica.com\/es\/crucero-de-fred-olsen-hara-la-vuelta-al-mundo-en-80-dias\/","title":{"rendered":"Crucero de Fred. Olsen har\u00e1 \u201cla vuelta al mundo en 80 d\u00edas\u201d"},"content":{"rendered":"<p> <br \/>\n<\/p>\n<div>\n<h4><strong>Redacci\u00f3n Caribbean Information Digital<\/strong><\/h4>\n<p><a rel=\"nofollow noopener\" target=\"_blank\" href=\"https:\/\/www.fredolsencruises.com\/\">Fred. Olsen Cruise Lines<\/a> ha anunciado su nuevo itinerario, titulado \u201c<strong>La vuelta al mundo en 80 d\u00edas\u201d<\/strong>, que pretende seguir los pasos del explorador Phileas Fogg, el personaje principal de la novela hom\u00f3nima del escritor franc\u00e9s Julio Verne.<\/p>\n<p>El viaje de 80 d\u00edas tendr\u00e1 lugar en el a\u00f1o del 150\u00ba aniversario de la novela, a bordo del <strong>Borealis<\/strong>, y har\u00e1 escala en muchos de los puertos visitados por Fogg, como Bombay, Hong Kong, Shangai y San Francisco, dijo la l\u00ednea de cruceros en un comunicado de prensa.<\/p>\n<p>Seg\u00fan el comunicado, el Borealis partir\u00e1 en febrero de 2023 desde Southampton y Liverpool,y est\u00e1 &#8220;programado para aprovechar una serie de experiencias excepcionales, con una visita a Safaga que coincide con el centenario del descubrimiento de Tutankam\u00f3n y escalas en Jap\u00f3n especialmente programadas para capturar la hermosa floraci\u00f3n de los cerezos&#8221;.<\/p>\n<p>Seg\u00fan Fred. Olsen, Martin Lister, Jefe de Experiencia en Destinos y Planificaci\u00f3n de Itinerarios, el barco har\u00e1 escala en Jap\u00f3n justo a tiempo para ver la &#8220;floraci\u00f3n estacional de los cerezos, con la posibilidad de aprender m\u00e1s sobre su conexi\u00f3n con el cultivo del arroz, y de participar en una ceremonia local del t\u00e9&#8221;.<\/p>\n<figure role=\"group\" class=\"caption caption-img align-center\">\n<img decoding=\"async\" alt=\"Buque Borealis de Fred. Olsen\" data-entity-type=\"file\" data-entity-uuid=\"6e813764-250e-43cb-991c-f627e28ea9a3\" src=\"https:\/\/dimensionturistica.com\/es\/wp-content\/uploads\/2021\/03\/Crucero-de-Fred-Olsen-hara-la-vuelta-al-mundo-en.jpg\" data-pagespeed-url-hash=\"2329181578\" onload=\"pagespeed.CriticalImages.checkImageForCriticality(this);\"\/><figcaption><em><strong>Buque Borealis de Fred. Olsen<\/strong><\/em><\/figcaption><\/figure>\n<p>\u00a0<\/p>\n<p>&#8220;En la India, los hu\u00e9spedes pueden sumergirse en la cultura y las tradiciones hind\u00faes, o convertirse en un Dabbawala por un d\u00eda en la bulliciosa ciudad de Mumbai y participar en su operaci\u00f3n de reparto sin problemas&#8221;, dijo Lister. &#8220;Una visita a las remotas islas del Pac\u00edfico de Hawai ofrecer\u00e1 la oportunidad de presenciar el volc\u00e1n Kilauea, a\u00fan activo&#8221;.<\/p>\n<p>&#8220;Adem\u00e1s, tambi\u00e9n habr\u00e1 oportunidades de disfrutar de exploraciones de muchos pueblos, ciudades e islas en el medio, as\u00ed como tr\u00e1nsitos de los canales de Panam\u00e1 y Suez. Ser\u00e1 un viaje \u00fanico en la vida, y no podemos esperar a llevar a nuestros hu\u00e9spedes en este viaje con nosotros en 2023&#8221;, a\u00f1adi\u00f3.<\/p>\n<p>Los pasajeros tambi\u00e9n disfrutar\u00e1n de hasta 500 libras esterlinas por persona para gastar a bordo, dijo Fred. Olsen.<\/p>\n<\/div>\n<p><script>!function(f,b,e,v,n,t,s){if(f.fbq)return;n=f.fbq=function(){n.callMethod?n.callMethod.apply(n,arguments):n.queue.push(arguments)};if(!f._fbq)f._fbq=n;n.push=n;n.loaded=!0;n.version='2.0';n.queue=[];t=b.createElement(e);t.async=!0;t.src=v;s=b.getElementsByTagName(e)[0];s.parentNode.insertBefore(t,s)}(window,document,'script','https:\/\/connect.facebook.net\/en_US\/fbevents.js');fbq('init','1464046990282831',[],{\"agent\":\"pldrupal-8-8.8.6\"});fbq('track','PageView',[]);<\/script><script>!function(f,b,e,v,n,t,s){if(f.fbq)return;n=f.fbq=function(){n.callMethod?n.callMethod.apply(n,arguments):n.queue.push(arguments)};if(!f._fbq)f._fbq=n;n.push=n;n.loaded=!0;n.version='2.0';n.queue=[];t=b.createElement(e);t.async=!0;t.src=v;s=b.getElementsByTagName(e)[0];s.parentNode.insertBefore(t,s)}(window,document,'script','https:\/\/connect.facebook.net\/en_US\/fbevents.js');fbq('init','1464046990282831');fbq('track','PageView');<\/script><br \/>\n<br \/><\/p>\n<p><em> &#8221; Fuentes www.caribbeannewsdigital.com &#8221; <\/em><\/p>\n","protected":false},"excerpt":{"rendered":"<p>Redacci\u00f3n Caribbean Information Digital Fred. Olsen Cruise Lines ha anunciado su nuevo itinerario, titulado \u201cLa vuelta al mundo en 80 d\u00edas\u201d, que pretende seguir los pasos del explorador Phileas Fogg, el personaje principal de la novela hom\u00f3nima del escritor franc\u00e9s Julio Verne. El viaje de 80 d\u00edas tendr\u00e1 lugar en el a\u00f1o del 150\u00ba aniversario [&hellip;]<\/p>\n","protected":false},"author":4,"featured_media":96256,"comment_status":"open","ping_status":"closed","sticky":false,"template":"","format":"standard","meta":{"om_disable_all_campaigns":false,"jnews-multi-image_gallery":[],"jnews_single_post":[],"jnews_primary_category":[],"jnews_social_meta":[],"footnotes":""},"categories":[41],"tags":[],"class_list":["post-96255","post","type-post","status-publish","format-standard","has-post-thumbnail","hentry","category-cruceros"],"_links":{"self":[{"href":"https:\/\/dimensionturistica.com\/es\/wp-json\/wp\/v2\/posts\/96255","targetHints":{"allow":["GET"]}}],"collection":[{"href":"https:\/\/dimensionturistica.com\/es\/wp-json\/wp\/v2\/posts"}],"about":[{"href":"https:\/\/dimensionturistica.com\/es\/wp-json\/wp\/v2\/types\/post"}],"author":[{"embeddable":true,"href":"https:\/\/dimensionturistica.com\/es\/wp-json\/wp\/v2\/users\/4"}],"replies":[{"embeddable":true,"href":"https:\/\/dimensionturistica.com\/es\/wp-json\/wp\/v2\/comments?post=96255"}],"version-history":[{"count":0,"href":"https:\/\/dimensionturistica.com\/es\/wp-json\/wp\/v2\/posts\/96255\/revisions"}],"wp:featuredmedia":[{"embeddable":true,"href":"https:\/\/dimensionturistica.com\/es\/wp-json\/wp\/v2\/media\/96256"}],"wp:attachment":[{"href":"https:\/\/dimensionturistica.com\/es\/wp-json\/wp\/v2\/media?parent=96255"}],"wp:term":[{"taxonomy":"category","embeddable":true,"href":"https:\/\/dimensionturistica.com\/es\/wp-json\/wp\/v2\/categories?post=96255"},{"taxonomy":"post_tag","embeddable":true,"href":"https:\/\/dimensionturistica.com\/es\/wp-json\/wp\/v2\/tags?post=96255"}],"curies":[{"name":"wp","href":"https:\/\/api.w.org\/{rel}","templated":true}]}}