{"id":96249,"date":"2021-03-15T16:09:51","date_gmt":"2021-03-15T16:09:51","guid":{"rendered":"https:\/\/dimensionturistica.com\/es\/?p=96249"},"modified":"2021-03-15T16:09:51","modified_gmt":"2021-03-15T16:09:51","slug":"peligro-por-falta-de-senaleticas-en-transitado-crucero","status":"publish","type":"post","link":"https:\/\/dimensionturistica.com\/es\/peligro-por-falta-de-senaleticas-en-transitado-crucero\/","title":{"rendered":"Peligro por falta de se\u00f1al\u00e9ticas en transitado crucero"},"content":{"rendered":"<p> <br \/>\n<\/p>\n<div>\n<p>Tihuatl\u00e1n, Ver.- Ante la falta de se\u00f1alamientos y la reposici\u00f3n de reductores de velocidad, que se han desgastado o perdido gradualmente, el crucero de la carretera federal Tihuatl\u00e1n-\u00c1lamo y la v\u00eda estatal Tihuatl\u00e1n Castillo de Teayo, se ha convertido en una zona de peligro.<\/p>\n<p>De hecho, se han registrado accidentes vehiculares, se\u00f1alan residentes de esta villa, por lo que solicitaron a la Secretar\u00eda de Comunicaciones y Transportes (SCT) que se tomen cartas en el asunto.<\/p>\n<p>Indicaron que no existe ninguna advertencia de que se trata de un \u201centronque peligroso\u201d, por lo que algunos conductores de unidades ligeras y pesadas pasan a alta velocidad, con el riesgo de impactar a los que cruzan de Tihuatl\u00e1n hacia Castillo de Teayo o viceversa.<\/p>\n<p>Adem\u00e1s, en este tramo de la carretera federal, ubicado en el kil\u00f3metro 3, existe una pendiente, por lo que los veh\u00edculos pesados que circulan en sentido de norte a sur bajan a cierta velocidad y no desaceleran debido a que no hay se\u00f1alamientos preventivos ni reductores de velocidad, apuntaron algunos usuarios, por lo que insisten en que la SCT coloque las se\u00f1al\u00e9ticas respectivas.<\/p>\n<figure class=\"wp-block-gallery columns-2 is-cropped\">\n<ul class=\"blocks-gallery-grid\">\n<li class=\"blocks-gallery-item\">\n<figure><a rel=\"nofollow noopener\" target=\"_blank\" href=\"https:\/\/dimensionturistica.com\/es\/wp-content\/uploads\/2021\/03\/Peligro-por-falta-de-senaleticas-en-transitado-crucero.jpg\"><img decoding=\"async\" loading=\"lazy\" width=\"1200\" height=\"630\" src=\"https:\/\/dimensionturistica.com\/es\/wp-content\/uploads\/2021\/03\/Peligro-por-falta-de-senaleticas-en-transitado-crucero.jpg\" alt=\"\" data-id=\"480321\" data-full-url=\"https:\/\/dimensionturistica.com\/es\/wp-content\/uploads\/2021\/03\/Peligro-por-falta-de-senaleticas-en-transitado-crucero.jpg\" data-link=\"https:\/\/www.laopinion.net\/?attachment_id=480321\" class=\"wp-image-480321\"  \/><\/a><\/figure>\n<\/li>\n<li class=\"blocks-gallery-item\">\n<figure><a rel=\"nofollow noopener\" target=\"_blank\" href=\"https:\/\/dimensionturistica.com\/es\/wp-content\/uploads\/2021\/03\/1615824589_594_Peligro-por-falta-de-senaleticas-en-transitado-crucero.jpg\"><img decoding=\"async\" loading=\"lazy\" width=\"1200\" height=\"630\" src=\"https:\/\/dimensionturistica.com\/es\/wp-content\/uploads\/2021\/03\/1615824589_594_Peligro-por-falta-de-senaleticas-en-transitado-crucero.jpg\" alt=\"\" data-id=\"480322\" data-full-url=\"https:\/\/dimensionturistica.com\/es\/wp-content\/uploads\/2021\/03\/1615824589_594_Peligro-por-falta-de-senaleticas-en-transitado-crucero.jpg\" data-link=\"https:\/\/www.laopinion.net\/?attachment_id=480322\" class=\"wp-image-480322\"  \/><\/a><\/figure>\n<\/li>\n<\/ul>\n<\/figure>\n<hr class=\"wp-block-separator is-style-wide\"\/>\n<figure class=\"wp-block-image size-large is-resized\"><img decoding=\"async\" loading=\"lazy\" src=\"https:\/\/dimensionturistica.com\/es\/wp-content\/uploads\/2020\/12\/Aparatoso-choque-en-crucero-peligroso-de-Poza-Rica.png\" alt=\"\" class=\"wp-image-442207\" width=\"1024\" height=\"51\"  \/><figcaption><strong>Twitter \u2013 <a rel=\"nofollow noopener\" target=\"_blank\" href=\"https:\/\/twitter.com\/laopinionpr\">@laopinionpr<\/a><\/strong><br \/><strong>Fb \u2013 <a rel=\"nofollow noopener\" target=\"_blank\" href=\"https:\/\/www.facebook.com\/pg\/laopinionpr\/\">@LaOpini\u00f3nPozaRica<\/a><\/strong><br \/><strong>Youtube \u2013 <a rel=\"nofollow noopener\" target=\"_blank\" href=\"https:\/\/www.youtube.com\/channel\/UCBNhcxvhU_RU0tKOwPKylHg?view_as=subscriber\">La Opini\u00f3n Poza Rica<\/a><\/strong><br \/><strong>\u00bfReporte y denuncia?<\/strong><br \/>Si cuentas con im\u00e1genes o video que exhiban maltrato, abuso de autoridad, corrupci\u00f3n o cualquier acci\u00f3n inhumana. \u00a1Por favor, h\u00e1znoslo saber!<br \/>\u2013 WhatsApp: <a rel=\"nofollow noopener\" target=\"_blank\" href=\"https:\/\/api.whatsapp.com\/send?phone=527822199402&amp;text=&amp;source=&amp;data=&amp;app_absent=\">(782) 219-94-02<\/a> &lt;&lt;&lt; <a rel=\"nofollow noopener\" target=\"_blank\" href=\"https:\/\/api.whatsapp.com\/send?phone=527822199402&amp;text=&amp;source=&amp;data=&amp;app_absent=\">\u00a1cl\u00edck aqu\u00ed!<\/a><br \/>\u2013 Por e-mail: <a rel=\"nofollow noopener\" target=\"_blank\" href=\"https:\/\/www.laopinion.net\/peligro-por-falta-de-senaleticas-en-transitado-crucero\/mailto:denuncias@laopinion.net\">denuncias@laopinion.net<\/a> &lt;&lt;&lt; <a rel=\"nofollow noopener\" target=\"_blank\" href=\"https:\/\/api.whatsapp.com\/send?phone=527822199402&amp;text=&amp;source=&amp;data=&amp;app_absent=\">\u00a1cl\u00edck aqu\u00ed!<\/a><\/figcaption><\/figure>\n<hr class=\"wp-block-separator is-style-wide\"\/>\n<figure class=\"wp-block-image\"><img decoding=\"async\" src=\"https:\/\/dimensionturistica.com\/es\/wp-content\/uploads\/2021\/02\/Urge-semaforo-en-crucero-peligroso.png\" alt=\"La imagen tiene un atributo ALT vac\u00edo; su nombre de archivo es Digital.png\"\/><\/figure>\n<figure class=\"wp-block-image\"><img decoding=\"async\" src=\"https:\/\/dimensionturistica.com\/es\/wp-content\/uploads\/2020\/11\/Cada-vez-mas-caotico-centrico-crucero.png\" alt=\"La imagen tiene un atributo ALT vac\u00edo; su nombre de archivo es Coronavirus-Ok2.png\"\/><\/figure>\n<hr class=\"wp-block-separator is-style-wide\"\/><\/div>\n<p><script async src=\"\/\/platform.twitter.com\/widgets.js\" charset=\"utf-8\"><\/script><script>\n        window.fbAsyncInit = function() {\n          FB.init({\n            xfbml            : true,\n            version          : 'v7.0'\n          });\n        };\n        (function(d, s, id) {\n        var js, fjs = d.getElementsByTagName(s)[0];\n        if (d.getElementById(id)) return;\n        js = d.createElement(s); js.id = id;\n        js.src=\"https:\/\/connect.facebook.net\/es_LA\/sdk\/xfbml.customerchat.js\";\n        fjs.parentNode.insertBefore(js, fjs);\n      }(document, 'script', 'facebook-jssdk'));<\/script><br \/>\n<br \/><\/p>\n<p><em> &#8221; Fuentes www.laopinion.net &#8221; <\/em><\/p>\n","protected":false},"excerpt":{"rendered":"<p>Tihuatl\u00e1n, Ver.- Ante la falta de se\u00f1alamientos y la reposici\u00f3n de reductores de velocidad, que se han desgastado o perdido gradualmente, el crucero de la carretera federal Tihuatl\u00e1n-\u00c1lamo y la v\u00eda estatal Tihuatl\u00e1n Castillo de Teayo, se ha convertido en una zona de peligro. De hecho, se han registrado accidentes vehiculares, se\u00f1alan residentes de esta [&hellip;]<\/p>\n","protected":false},"author":4,"featured_media":96250,"comment_status":"open","ping_status":"closed","sticky":false,"template":"","format":"standard","meta":{"om_disable_all_campaigns":false,"jnews-multi-image_gallery":[],"jnews_single_post":[],"jnews_primary_category":[],"jnews_social_meta":[],"footnotes":""},"categories":[41],"tags":[],"class_list":["post-96249","post","type-post","status-publish","format-standard","has-post-thumbnail","hentry","category-cruceros"],"_links":{"self":[{"href":"https:\/\/dimensionturistica.com\/es\/wp-json\/wp\/v2\/posts\/96249","targetHints":{"allow":["GET"]}}],"collection":[{"href":"https:\/\/dimensionturistica.com\/es\/wp-json\/wp\/v2\/posts"}],"about":[{"href":"https:\/\/dimensionturistica.com\/es\/wp-json\/wp\/v2\/types\/post"}],"author":[{"embeddable":true,"href":"https:\/\/dimensionturistica.com\/es\/wp-json\/wp\/v2\/users\/4"}],"replies":[{"embeddable":true,"href":"https:\/\/dimensionturistica.com\/es\/wp-json\/wp\/v2\/comments?post=96249"}],"version-history":[{"count":0,"href":"https:\/\/dimensionturistica.com\/es\/wp-json\/wp\/v2\/posts\/96249\/revisions"}],"wp:featuredmedia":[{"embeddable":true,"href":"https:\/\/dimensionturistica.com\/es\/wp-json\/wp\/v2\/media\/96250"}],"wp:attachment":[{"href":"https:\/\/dimensionturistica.com\/es\/wp-json\/wp\/v2\/media?parent=96249"}],"wp:term":[{"taxonomy":"category","embeddable":true,"href":"https:\/\/dimensionturistica.com\/es\/wp-json\/wp\/v2\/categories?post=96249"},{"taxonomy":"post_tag","embeddable":true,"href":"https:\/\/dimensionturistica.com\/es\/wp-json\/wp\/v2\/tags?post=96249"}],"curies":[{"name":"wp","href":"https:\/\/api.w.org\/{rel}","templated":true}]}}