{"id":96244,"date":"2021-03-15T16:01:29","date_gmt":"2021-03-15T16:01:29","guid":{"rendered":"https:\/\/dimensionturistica.com\/es\/?p=96244"},"modified":"2021-03-15T16:01:29","modified_gmt":"2021-03-15T16:01:29","slug":"meseros-consiguieron-cualquier-trabajo-para-sobrevivir-a-la-pandemia","status":"publish","type":"post","link":"https:\/\/dimensionturistica.com\/es\/meseros-consiguieron-cualquier-trabajo-para-sobrevivir-a-la-pandemia\/","title":{"rendered":"Meseros consiguieron cualquier trabajo para sobrevivir a la pandemia"},"content":{"rendered":"<p> <br \/>\n<\/p>\n<div>\n<div class=\"td-post-featured-image\">\n<figure><a rel=\"nofollow noopener\" target=\"_blank\" href=\"https:\/\/udgtv.com\/wp-content\/uploads\/2020\/05\/Meseros-Georgina-Garc\u00eda-Sol\u00eds-2.jpeg\" data-caption=\"Fotograf\u00eda: Georgina Garc\u00eda Sol\u00eds\/ Archivo \"><img decoding=\"async\" width=\"696\" height=\"522\" class=\"entry-thumb td-modal-image\" src=\"https:\/\/udgtv.com\/wp-content\/uploads\/2020\/05\/Meseros-Georgina-Garc\u00eda-Sol\u00eds-2-696x522.jpeg\"   alt=\"Meseros cambian agua embotellada por propinas en los cruceros\" title=\"Meseros- Georgina Garc\u00eda Sol\u00eds 2\"\/><\/a><figcaption class=\"wp-caption-text\">Fotograf\u00eda: Georgina Garc\u00eda Sol\u00eds\/ Archivo <\/figcaption><\/figure>\n<\/div>\n<p><button id=\"listenButton1\" class=\"responsivevoice-button\" type=\"button\" value=\"Play\" title=\"ResponsiveVoice Tap to Start\/Stop Speech\"><span>&#x1f50a; Escuchar la nota<\/span><\/button><\/p>\n<h5><strong>Guadalajara, Jalisco.\u00a0<\/strong><\/h5>\n<p>El 13 de marzo de 2020 fue el \u00faltimo evento que tuvo Jos\u00e9 Antonio R\u00edos como mesero en la vieja normalidad, antes de la pandemia. <strong>Desde entonces cambi\u00f3 su vida al perder su fuente de ingresos<\/strong> por el cierre temporal de salones de eventos y terrazas durante casi un a\u00f1o.<\/p>\n<p>En el primer confinamiento de Jalisco, Jos\u00e9 Antonio encabez\u00f3 una manifestaci\u00f3n de meseros para exigir la reactivaci\u00f3n o apoyos para poder sobrellevar la falta de ingresos, pero solo algunos de sus compa\u00f1eros pudieron acceder a los cinco mil pesos que el Gobierno del estado entreg\u00f3 a los trabajadores independientes.<\/p>\n<p><strong>La ayuda fue insuficiente y la disaster los oblig\u00f3 a vender galletas en los cruceros,<\/strong> trabajar en los tianguis o en su caso convertirse en alba\u00f1il y recientemente laborar de intendente en un membership deportivo.<\/p>\n<p>A pesar de la reactivaci\u00f3n econ\u00f3mica, la brigada de meseros que coordina el se\u00f1or Jos\u00e9 Antonio todav\u00eda est\u00e1 lejos de tener la actividad de la vieja normalidad. En el \u00faltimo fin de semana s\u00f3lo tuvieron trabajo en 16 salones de eventos, cuando llegaban a tener servicios en 100 sitios en un fin de semana.<\/p>\n<p>Al tener que emprender medidas de management de los contagios de covid-19 que afectaron las actividades econ\u00f3micas, <strong>Jalisco lleg\u00f3 a perder 95 mil empleos el a\u00f1o pasado<\/strong> y conforme se reactiv\u00f3 la econom\u00eda recuper\u00f3 gran parte. Al cierre de 2020, la p\u00e9rdida se hab\u00eda reducido a 32 mil puestos de trabajo formales. Seg\u00fan la Coparmex, por cada empleo formal que se da de baja, se pierden 1.3 informales.<\/p>\n<div class=\"abh_box abh_box_down abh_box_fancy\">\n<div class=\"abh_tab_content\">\n<section class=\"vcard author abh_about_tab abh_tab\" itemscope=\"\" itemprop=\"author\" itemtype=\"http:\/\/schema.org\/Person\" style=\"display:block\">\n<div class=\"abh_image\" itemscope=\"\" itemtype=\"http:\/\/schema.org\/ImageObject\"><a rel=\"nofollow noopener\" target=\"_blank\" href=\"https:\/\/udgtv.com\/author\/gina\/\" class=\"url\" title=\"Georgina Garc\u00eda Sol\u00eds\"> <img decoding=\"async\" src=\"https:\/\/dimensionturistica.com\/es\/wp-content\/uploads\/2021\/03\/Meseros-consiguieron-cualquier-trabajo-para-sobrevivir-a-la-pandemia.jpg\" class=\"photo\" width=\"250\" alt=\"Georgina Garc\u00eda Sol\u00eds\"\/><\/a> <\/div>\n<div class=\"abh_text\">\n<p><span class=\"title\">Reportera<\/span> en <span class=\"org\">Canal 44<\/span><\/p>\n<p>Licenciada en Ciencias de la Comunicaci\u00f3n Desde el a\u00f1o 2000 ejerce el oficio de reportera y ha trabajado para diversos medios de comunicaci\u00f3n como El Occidental, El Esto Jalisco, La Jornada Jalisco, El Informador y Zona 3. En su paso por la prensa native ha cubierto las fuentes de espect\u00e1culos, deportes y pol\u00edtica,y ha desempe\u00f1ado otras funciones como coordinaci\u00f3n de agenda de informaci\u00f3n y producci\u00f3n de contenidos. Actualmente es reportera de econom\u00eda de Canal 44 y estudia la Maestr\u00eda de Periodismo Digital, de UdG Digital.<\/p>\n<\/div>\n<\/section>\n<section class=\"abh_posts_tab abh_tab\">\n<div class=\"abh_image\"><a rel=\"nofollow noopener\" target=\"_blank\" href=\"https:\/\/udgtv.com\/author\/gina\/\" class=\"url\" title=\"Georgina Garc\u00eda Sol\u00eds\"><img decoding=\"async\" src=\"https:\/\/dimensionturistica.com\/es\/wp-content\/uploads\/2021\/03\/Meseros-consiguieron-cualquier-trabajo-para-sobrevivir-a-la-pandemia.jpg\" class=\"photo\" width=\"250\" alt=\"Georgina Garc\u00eda Sol\u00eds\"\/><\/a><\/div>\n<div class=\"abh_text\">\n<div class=\"abh_name\">\u00daltimas entradas de Georgina Garc\u00eda Sol\u00eds <span class=\"abh_allposts\">(<a rel=\"nofollow noopener\" target=\"_blank\" href=\"https:\/\/udgtv.com\/author\/gina\/\">ver todo<\/a>)<\/span><\/div>\n<\/div>\n<\/section>\n<\/div><\/div><\/div>\n<p><script>(function(d, s, id) {\nvar js, fjs = d.getElementsByTagName(s)[0];\nif (d.getElementById(id)) return;\njs = d.createElement(s); js.id = id;\njs.src = \"https:\/\/connect.facebook.net\/en_US\/sdk.js#xfbml=1&version=v2.8&appId=1438491276430675\";\nfjs.parentNode.insertBefore(js, fjs);\n}(document, 'script', 'facebook-jssdk'));<\/script><br \/>\n<br \/><\/p>\n<p><em> &#8221; Fuentes udgtv.com &#8221; <\/em><\/p>\n","protected":false},"excerpt":{"rendered":"<p>Fotograf\u00eda: Georgina Garc\u00eda Sol\u00eds\/ Archivo &#x1f50a; Escuchar la nota Guadalajara, Jalisco.\u00a0 El 13 de marzo de 2020 fue el \u00faltimo evento que tuvo Jos\u00e9 Antonio R\u00edos como mesero en la vieja normalidad, antes de la pandemia. Desde entonces cambi\u00f3 su vida al perder su fuente de ingresos por el cierre temporal de salones de eventos [&hellip;]<\/p>\n","protected":false},"author":4,"featured_media":0,"comment_status":"open","ping_status":"closed","sticky":false,"template":"","format":"standard","meta":{"om_disable_all_campaigns":false,"jnews-multi-image_gallery":[],"jnews_single_post":[],"jnews_primary_category":[],"jnews_social_meta":[],"footnotes":""},"categories":[41],"tags":[],"class_list":["post-96244","post","type-post","status-publish","format-standard","hentry","category-cruceros"],"_links":{"self":[{"href":"https:\/\/dimensionturistica.com\/es\/wp-json\/wp\/v2\/posts\/96244","targetHints":{"allow":["GET"]}}],"collection":[{"href":"https:\/\/dimensionturistica.com\/es\/wp-json\/wp\/v2\/posts"}],"about":[{"href":"https:\/\/dimensionturistica.com\/es\/wp-json\/wp\/v2\/types\/post"}],"author":[{"embeddable":true,"href":"https:\/\/dimensionturistica.com\/es\/wp-json\/wp\/v2\/users\/4"}],"replies":[{"embeddable":true,"href":"https:\/\/dimensionturistica.com\/es\/wp-json\/wp\/v2\/comments?post=96244"}],"version-history":[{"count":0,"href":"https:\/\/dimensionturistica.com\/es\/wp-json\/wp\/v2\/posts\/96244\/revisions"}],"wp:attachment":[{"href":"https:\/\/dimensionturistica.com\/es\/wp-json\/wp\/v2\/media?parent=96244"}],"wp:term":[{"taxonomy":"category","embeddable":true,"href":"https:\/\/dimensionturistica.com\/es\/wp-json\/wp\/v2\/categories?post=96244"},{"taxonomy":"post_tag","embeddable":true,"href":"https:\/\/dimensionturistica.com\/es\/wp-json\/wp\/v2\/tags?post=96244"}],"curies":[{"name":"wp","href":"https:\/\/api.w.org\/{rel}","templated":true}]}}