{"id":96196,"date":"2021-03-15T14:29:33","date_gmt":"2021-03-15T14:29:33","guid":{"rendered":"https:\/\/dimensionturistica.com\/es\/?p=96196"},"modified":"2021-03-15T14:29:33","modified_gmt":"2021-03-15T14:29:33","slug":"con-expectativas-es-el-panorama-de-los-cruceros-para-el-2021-ushuaia-noticias","status":"publish","type":"post","link":"https:\/\/dimensionturistica.com\/es\/con-expectativas-es-el-panorama-de-los-cruceros-para-el-2021-ushuaia-noticias\/","title":{"rendered":"Con \u201cexpectativas\u201d es el panorama de los cruceros para el 2021 \u2013 Ushuaia Noticias"},"content":{"rendered":"<p> <br \/>\n<\/p>\n<div>\n<p>Luego de la temporada nula del 2020 por la pandemia del coronavirus la cual \u201cfue muy triste ver el muelle vaci\u00f3\u201d ya que \u201chay que comprender que es una situaci\u00f3n a nivel mundial\u201d, se mantienen las expectativas para reactivar la actividad.<\/p>\n<p>Sobre lo que se proyecta este 2021, el gerente de Operaciones Empresa de Servicios Patag\u00f3nicos SA, German Manterola que \u201cestamos en contacto con clientes y tienen expectativas\u201d, indic\u00f3 en declaraciones a FM MASTER`S. Y a trav\u00e9s de contacto con armadores y se contin\u00faan las programaciones para tener trabajo. \u201cHay consultas, porque la gente tiene intenciones de viajar pero todo depende de la apertura de fronteras, es la realidad\u201d.<\/p>\n<p>\u201cLa temporada de cruceros ant\u00e1rticos se cancelo directamente este a\u00f1o pero entre julio y agosto sabremos donde estamos parados, los protocolos est\u00e1n que son los mismos que se activaron el a\u00f1o pasado\u201d, asegur\u00f3.<\/p>\n<p>\u201cEstamos con permanentemente comunicaci\u00f3n las autoridades. Las medidas sanitarias en turismo ant\u00e1rtico a bordo est\u00e1n siendo muy exhaustos, antes de salir, los pasajeros necesitaran un PCR negativos y es probable que se pida que est\u00e9n vacunadas contra el COVID-19. Trabajaremos con semi burbujas, veremos como nos preparamos para agosto y junio\u201d.<\/p>\n<p>No obstante \u201chablar de octubre es dif\u00edcil. Todos tenemos las intenciones de aperturar, pero todo es cambiante por ejemplo lo que esta pasando en Brasil. No es f\u00e1cil tomar decisiones. No se si el pa\u00eds aguantara otra temporada cancelada de turismo\u201d.<\/p>\n<p>\u201cPor suerte en el puerto hay actividad de buques pesqueros y containeros, esto no es menor. Esta semana recibimos el buque Polar Almirante Maximiano de Brasil que hace log\u00edstica, esto es un barco que ha decidido venir y se hizo un trabajo en conjunto con Naci\u00f3n y Salud para que consiga los permisos y desarrollar sus actividades\u201d, finaliz\u00f3.<\/p>\n<\/div>\n\n<p><em> &#8221; Fuentes www.ushuaianoticias.com &#8221; <\/em><\/p>\n","protected":false},"excerpt":{"rendered":"<p>Luego de la temporada nula del 2020 por la pandemia del coronavirus la cual \u201cfue muy triste ver el muelle vaci\u00f3\u201d ya que \u201chay que comprender que es una situaci\u00f3n a nivel mundial\u201d, se mantienen las expectativas para reactivar la actividad. Sobre lo que se proyecta este 2021, el gerente de Operaciones Empresa de Servicios [&hellip;]<\/p>\n","protected":false},"author":4,"featured_media":96197,"comment_status":"open","ping_status":"closed","sticky":false,"template":"","format":"standard","meta":{"om_disable_all_campaigns":false,"jnews-multi-image_gallery":[],"jnews_single_post":[],"jnews_primary_category":[],"jnews_social_meta":[],"footnotes":""},"categories":[41],"tags":[],"class_list":["post-96196","post","type-post","status-publish","format-standard","has-post-thumbnail","hentry","category-cruceros"],"_links":{"self":[{"href":"https:\/\/dimensionturistica.com\/es\/wp-json\/wp\/v2\/posts\/96196","targetHints":{"allow":["GET"]}}],"collection":[{"href":"https:\/\/dimensionturistica.com\/es\/wp-json\/wp\/v2\/posts"}],"about":[{"href":"https:\/\/dimensionturistica.com\/es\/wp-json\/wp\/v2\/types\/post"}],"author":[{"embeddable":true,"href":"https:\/\/dimensionturistica.com\/es\/wp-json\/wp\/v2\/users\/4"}],"replies":[{"embeddable":true,"href":"https:\/\/dimensionturistica.com\/es\/wp-json\/wp\/v2\/comments?post=96196"}],"version-history":[{"count":0,"href":"https:\/\/dimensionturistica.com\/es\/wp-json\/wp\/v2\/posts\/96196\/revisions"}],"wp:featuredmedia":[{"embeddable":true,"href":"https:\/\/dimensionturistica.com\/es\/wp-json\/wp\/v2\/media\/96197"}],"wp:attachment":[{"href":"https:\/\/dimensionturistica.com\/es\/wp-json\/wp\/v2\/media?parent=96196"}],"wp:term":[{"taxonomy":"category","embeddable":true,"href":"https:\/\/dimensionturistica.com\/es\/wp-json\/wp\/v2\/categories?post=96196"},{"taxonomy":"post_tag","embeddable":true,"href":"https:\/\/dimensionturistica.com\/es\/wp-json\/wp\/v2\/tags?post=96196"}],"curies":[{"name":"wp","href":"https:\/\/api.w.org\/{rel}","templated":true}]}}