{"id":961423,"date":"2025-04-14T12:03:13","date_gmt":"2025-04-14T12:03:13","guid":{"rendered":"https:\/\/dimensionturistica.com\/es\/?p=961423"},"modified":"2025-04-14T12:03:13","modified_gmt":"2025-04-14T12:03:13","slug":"25-cortes-de-cabello-cortos-aprobados-por-celebridades-que-son-ideales-para-cabello-fino","status":"publish","type":"post","link":"https:\/\/dimensionturistica.com\/es\/25-cortes-de-cabello-cortos-aprobados-por-celebridades-que-son-ideales-para-cabello-fino\/","title":{"rendered":"25 Cortes de Cabello Cortos Aprobados por Celebridades que Son Ideales para Cabello Fino"},"content":{"rendered":"<p><strong>Descubre Estilos Cortos para Cabello Fino: Elegancia y Frescura en Cada Tiro<\/strong><\/p>\n<p>Cuando se trata de cortes de cabello, aquellos con cabello fino a menudo se enfrentan a un dilema: \u00bfc\u00f3mo lograr ese volumen y textura deseados sin sacrificar el estilo? La buena noticia es que los cortes cortos no solo son una excelente opci\u00f3n para revitalizar la apariencia, sino que tambi\u00e9n pueden ser un verdadero reflejo de personalidad y frescura. En este article, exploraremos algunas de las tendencias m\u00e1s atractivas en cortes de cabello corto, ideales para quienes buscan darle vida a su melena.<\/p>\n<p><strong>El Bob Cl\u00e1sico: Versatilidad y Sofisticaci\u00f3n<\/strong><\/p>\n<p>El corte bob ha sido un cl\u00e1sico en el mundo de la moda y la belleza. Esta opci\u00f3n es perfectible para el cabello fino, ya que aporta un sentido de dinamismo. Con una longitud que var\u00eda desde la l\u00ednea de la mand\u00edbula hasta la parte inferior del cuello, el bob puede ser adaptado con capas sutiles que a\u00f1aden movimiento. Puedes optar por un bob recto para un look m\u00e1s pulido o un bob desfilado para un aire m\u00e1s desenfadado. Adem\u00e1s, es incre\u00edblemente vers\u00e1til: perfecto para el d\u00eda a d\u00eda, pero tambi\u00e9n puedes estilizarlo para una noche especial con ondas suaves o un liso glamuroso.<\/p>\n<p><strong>Pixie: El Corto con Personalidad<\/strong><\/p>\n<p>Para las m\u00e1s audaces, el corte pixie es la respuesta. Esta opci\u00f3n no solo es fresca y juvenil, sino que tambi\u00e9n resalta las facciones del rostro. Los cortes pixie pueden ser moldeados de muchas maneras, desde looks m\u00e1s atrevidos y desordenados hasta estilos m\u00e1s refinados. La clave est\u00e1 en jugar con texturas; por ejemplo, puedes aplicar un poco de cera o mousse para darle un acabado desgastado o apostar por un gel que mantenga el cabello en su lugar con un brillo elegante.<\/p>\n<p><strong>Shag: Un Toque Retro con Modernidad<\/strong><\/p>\n<p>El shag, con sus capas desiguales y su influencia retro, ha vuelto con fuerza en el mundo de la moda capilar. Perfecto para el cabello fino, este estilo aporta un volumen instant\u00e1neo. Este corte implica un trabajo en capas que enmarca el rostro y crea movimiento, brindando as\u00ed un aspecto desenfadado. Para un acabado \u00f3ptimo, puedes usar un spray texturizador que dar\u00e1 ese efecto despeinado y con cuerpo que tanto se busca.<\/p>\n<p><strong>Fringe: Un Detalle que Marca la Diferencia<\/strong><\/p>\n<p>Agregar un flequillo a cualquier corte corto puede transformar completamente la apariencia. Desde un flequillo recto y audaz hasta uno m\u00e1s ligero y desmechado, el flequillo no solo enmarca el rostro, sino que tambi\u00e9n puede crear la ilusi\u00f3n de mayor densidad en el cabello fino. Este detalle puede ser combinado con cualquier tipo de corte corto, ampliando as\u00ed las posibilidades de estilo.<\/p>\n<p><strong>Estilos Personalizados para Cada Ocasi\u00f3n<\/strong><\/p>\n<p>Lo mejor de estos cortes de cabello corto es que permiten experimentar con diferentes estilos y acabados para adaptarse a diversas ocasiones. Ya sea que te dirijas a una reuni\u00f3n de negocios, una cena casual o un evento formal, tener un corte corto te brinda la flexibilidad suficiente para ajustar tu look con accesorios como diademas, pinzas o incluso maquillaje audaz.<\/p>\n<p>En conclusi\u00f3n, elegir un corte de cabello corto adecuado para cabello fino puede ser una revelaci\u00f3n. M\u00e1s all\u00e1 de las tendencias, lo importante es seleccionar un estilo que resalte tu personalidad y te haga sentir c\u00f3moda y segura. Con tantas opciones disponibles, no hay raz\u00f3n para no atreverte a dar un paso hacia la frescura y el estilo. As\u00ed que, \u00bfest\u00e1s lista para cambiar de look? \u00a1Tu nueva imagen te est\u00e1 esperando!<\/p>\n<p><em> &#8221; Sources www.vogue.com &#8221; <\/em><\/p>\n<p><em> &#8221; Fuentes www.vogue.com &#8221; <\/em><\/p>\n","protected":false},"excerpt":{"rendered":"<p>Descubre Estilos Cortos para Cabello Fino: Elegancia y Frescura en Cada Tiro Cuando se trata de cortes de cabello, aquellos con cabello fino a menudo se enfrentan a un dilema: \u00bfc\u00f3mo lograr ese volumen y textura deseados sin sacrificar el estilo? La buena noticia es que los cortes cortos no solo son una excelente opci\u00f3n [&hellip;]<\/p>\n","protected":false},"author":4,"featured_media":961424,"comment_status":"open","ping_status":"closed","sticky":false,"template":"","format":"standard","meta":{"om_disable_all_campaigns":false,"jnews-multi-image_gallery":[],"jnews_single_post":[],"jnews_primary_category":[],"jnews_social_meta":[],"footnotes":""},"categories":[144872],"tags":[218959,136391,207135,203878,218958,200442,200437,89127,218960,204902,218957],"class_list":["post-961423","post","type-post","status-publish","format-standard","has-post-thumbnail","hentry","category-fashion","tag-a-list-approved","tag-beauty-tips","tag-celebrity-styles","tag-chic-looks","tag-fine-hair","tag-hair-fashion","tag-hair-trends","tag-haircuts","tag-hairstyle-ideas","tag-short-haircuts","tag-short-hairstyles"],"_links":{"self":[{"href":"https:\/\/dimensionturistica.com\/es\/wp-json\/wp\/v2\/posts\/961423","targetHints":{"allow":["GET"]}}],"collection":[{"href":"https:\/\/dimensionturistica.com\/es\/wp-json\/wp\/v2\/posts"}],"about":[{"href":"https:\/\/dimensionturistica.com\/es\/wp-json\/wp\/v2\/types\/post"}],"author":[{"embeddable":true,"href":"https:\/\/dimensionturistica.com\/es\/wp-json\/wp\/v2\/users\/4"}],"replies":[{"embeddable":true,"href":"https:\/\/dimensionturistica.com\/es\/wp-json\/wp\/v2\/comments?post=961423"}],"version-history":[{"count":0,"href":"https:\/\/dimensionturistica.com\/es\/wp-json\/wp\/v2\/posts\/961423\/revisions"}],"wp:featuredmedia":[{"embeddable":true,"href":"https:\/\/dimensionturistica.com\/es\/wp-json\/wp\/v2\/media\/961424"}],"wp:attachment":[{"href":"https:\/\/dimensionturistica.com\/es\/wp-json\/wp\/v2\/media?parent=961423"}],"wp:term":[{"taxonomy":"category","embeddable":true,"href":"https:\/\/dimensionturistica.com\/es\/wp-json\/wp\/v2\/categories?post=961423"},{"taxonomy":"post_tag","embeddable":true,"href":"https:\/\/dimensionturistica.com\/es\/wp-json\/wp\/v2\/tags?post=961423"}],"curies":[{"name":"wp","href":"https:\/\/api.w.org\/{rel}","templated":true}]}}