{"id":960944,"date":"2025-04-12T23:55:25","date_gmt":"2025-04-12T23:55:25","guid":{"rendered":"https:\/\/dimensionturistica.com\/es\/?p=960944"},"modified":"2025-04-12T23:55:25","modified_gmt":"2025-04-12T23:55:25","slug":"el-legado-de-artistas-latinos-en-coachella-a-lo-largo-de-los-anos","status":"publish","type":"post","link":"https:\/\/dimensionturistica.com\/es\/el-legado-de-artistas-latinos-en-coachella-a-lo-largo-de-los-anos\/","title":{"rendered":"El legado de artistas latinos en Coachella a lo largo de los a\u00f1os"},"content":{"rendered":"<p><strong>Latinoam\u00e9rica brilla en el escenario de Coachella: un recorrido por la diversidad musical<\/strong><\/p>\n<p>Coachella es m\u00e1s que un festival de m\u00fasica; es un fen\u00f3meno cultural que celebra la creatividad y la diversidad en todas sus formas. En este ic\u00f3nico evento, los artistas latinos han dejado una huella imborrable, aportando sus ritmos vibrantes y sus mensajes poderosos. La influencia de la m\u00fasica latina no solo se siente en las playlists, sino tambi\u00e9n en la atm\u00f3sfera del festival, donde las fronteras musicales se difuminan y dan vida a una experiencia inolvidable.<\/p>\n<p>Cada a\u00f1o, el desierto de California se convierte en el epicentro de la m\u00fasica y la moda, atrayendo a miles de entusiastas que buscan tanto disfrutar de sus artistas favoritos como explorar nuevas tendencias. En este contexto, la presencia de figuras latinas ha crecido de manera exponencial, reflejando una rica herencia cultural que se entrelaza con g\u00e9neros contempor\u00e1neos como el pop, el reggaet\u00f3n y el trap.<\/p>\n<p>Artistas como Bad Bunny, Rosal\u00eda y J Balvin han llevado su m\u00fasica a una audiencia global, rompiendo barreras y abriendo caminos para nuevas generaciones. Su presencia en Coachella no solo ha generado himnos que resuenan en los corazones de quienes asisten al festival, sino que tambi\u00e9n promueve un sentido de pertenencia y orgullo entre la comunidad latina.<\/p>\n<p>M\u00e1s all\u00e1 de las presentaciones estelares, la experiencia Coachella invita a los visitantes a sumergirse en un mundo donde la diversidad es celebrada. Los colores vibrantes de la vestimenta, los sabores aut\u00e9nticos de la comida y la calidez de la cultura latina hacen que cada rinc\u00f3n del festival cuente una historia. Desde la oferta gastron\u00f3mica que incluye tacos al pastor y empanadas, hasta las exposiciones de arte que rinden homenaje a las ra\u00edces culturales, cada elemento se conjuga para crear un ambiente que estimula los sentidos.<\/p>\n<p>Adem\u00e1s, la interacci\u00f3n entre artistas de diferentes or\u00edgenes en el escenario de Coachella genera una sinergia \u00fanica. La colaboraci\u00f3n entre g\u00e9neros y estilos se convierte en un reflejo de la realidad multicultural en la que vivimos. Cada actuaci\u00f3n es un recordatorio de que la m\u00fasica tiene el poder de unir a las personas, sin importar su procedencia.<\/p>\n<p>Para aquellos que planean asistir al festival, la experiencia no se limita a las actuaciones de los grandes nombres de la m\u00fasica. Coachella tambi\u00e9n ofrece una oportunidad para descubrir talentos emergentes que aportan su propia perspectiva y frescura. Escuchar a artistas menos conocidos, pero igualmente apasionados, en los distintos escenarios del festival es una forma de apoyar la diversidad y enriquecer la experiencia personal.<\/p>\n<p>Los asistentes tienen la oportunidad de llevarse a casa no solo recuerdos inolvidables, sino tambi\u00e9n una nueva apreciaci\u00f3n por las diversas culturas que forman parte de la experiencia musical contempor\u00e1nea. La conexi\u00f3n que se establece entre artistas y p\u00fablico en Coachella es un recordatorio del poder transformador de la m\u00fasica y su capacidad para trascender fronteras.<\/p>\n<p>En resumen, la participaci\u00f3n de artistas latinos en Coachella es un reflejo del crecimiento y la importancia de la m\u00fasica latinoamericana en la escena global. Este festival no es solo un evento musical, sino una celebraci\u00f3n de la diversidad cultural que nos une a todos. As\u00ed que, si est\u00e1s pensando en asistir, prep\u00e1rate para un viaje sensorial que te conectar\u00e1 con la herencia vibrante de Latinoam\u00e9rica, mientras disfrutas de los ritmos que hacen vibrar el alma. \u00a1Nos vemos en el desierto!<\/p>\n<p><em> &#8221; Sources www.vogue.mx &#8221; <\/em><\/p>\n<p><em> &#8221; Fuentes www.vogue.mx &#8221; <\/em><\/p>\n","protected":false},"excerpt":{"rendered":"<p>Latinoam\u00e9rica brilla en el escenario de Coachella: un recorrido por la diversidad musical Coachella es m\u00e1s que un festival de m\u00fasica; es un fen\u00f3meno cultural que celebra la creatividad y la diversidad en todas sus formas. En este ic\u00f3nico evento, los artistas latinos han dejado una huella imborrable, aportando sus ritmos vibrantes y sus mensajes [&hellip;]<\/p>\n","protected":false},"author":4,"featured_media":960945,"comment_status":"open","ping_status":"closed","sticky":false,"template":"","format":"standard","meta":{"om_disable_all_campaigns":false,"jnews-multi-image_gallery":[],"jnews_single_post":[],"jnews_primary_category":[],"jnews_social_meta":[],"footnotes":""},"categories":[144872],"tags":[6804,143971,662,4095,1371,724,70058,6643,9735,2282],"class_list":["post-960944","post","type-post","status-publish","format-standard","has-post-thumbnail","hentry","category-fashion","tag-artistas","tag-coachella","tag-cultura","tag-diversidad","tag-entretenimiento","tag-eventos","tag-festivals","tag-historia","tag-latinos","tag-musica"],"_links":{"self":[{"href":"https:\/\/dimensionturistica.com\/es\/wp-json\/wp\/v2\/posts\/960944","targetHints":{"allow":["GET"]}}],"collection":[{"href":"https:\/\/dimensionturistica.com\/es\/wp-json\/wp\/v2\/posts"}],"about":[{"href":"https:\/\/dimensionturistica.com\/es\/wp-json\/wp\/v2\/types\/post"}],"author":[{"embeddable":true,"href":"https:\/\/dimensionturistica.com\/es\/wp-json\/wp\/v2\/users\/4"}],"replies":[{"embeddable":true,"href":"https:\/\/dimensionturistica.com\/es\/wp-json\/wp\/v2\/comments?post=960944"}],"version-history":[{"count":0,"href":"https:\/\/dimensionturistica.com\/es\/wp-json\/wp\/v2\/posts\/960944\/revisions"}],"wp:featuredmedia":[{"embeddable":true,"href":"https:\/\/dimensionturistica.com\/es\/wp-json\/wp\/v2\/media\/960945"}],"wp:attachment":[{"href":"https:\/\/dimensionturistica.com\/es\/wp-json\/wp\/v2\/media?parent=960944"}],"wp:term":[{"taxonomy":"category","embeddable":true,"href":"https:\/\/dimensionturistica.com\/es\/wp-json\/wp\/v2\/categories?post=960944"},{"taxonomy":"post_tag","embeddable":true,"href":"https:\/\/dimensionturistica.com\/es\/wp-json\/wp\/v2\/tags?post=960944"}],"curies":[{"name":"wp","href":"https:\/\/api.w.org\/{rel}","templated":true}]}}