{"id":96046,"date":"2021-03-15T09:24:50","date_gmt":"2021-03-15T09:24:50","guid":{"rendered":"https:\/\/dimensionturistica.com\/es\/?p=96046"},"modified":"2021-03-15T09:24:50","modified_gmt":"2021-03-15T09:24:50","slug":"via-federal-un-peligro-el-diario-de-yucatan","status":"publish","type":"post","link":"https:\/\/dimensionturistica.com\/es\/via-federal-un-peligro-el-diario-de-yucatan\/","title":{"rendered":"V\u00eda federal, un peligro &#8211; El Diario de Yucat\u00e1n"},"content":{"rendered":"<p> <br \/>\n<\/p>\n<div itemprop=\"articleBody\">\n<p><strong>Choque entre dos autos tras retirar vialetas por obra<\/strong><\/p>\n<p>VALLADOLID.\u2014 La carretera federal libre rumbo a la ciudad de M\u00e9rida, justo en el crucero con el libramiento, nuevamente se convierte en un riesgo, ya que el viernes se registr\u00f3 un choque, luego que desde hace 15 d\u00edas retiraron las m\u00e1s de 30 filas de vialetas instaladas, cuando la delegaci\u00f3n de la Secretar\u00eda de Comunicaciones y Transportes (SCT) repaviment\u00f3 ese tramo.<\/p>\n<p>Como publicamos, diversos sectores de la sociedad han exigido desde hace mucho tiempo la construcci\u00f3n de puentes en la v\u00eda libre M\u00e9rida &#8211; Canc\u00fan, incluso en la que comunica a Chichimil\u00e1, en los cruceros con el perif\u00e9rico, debido a que han ocurrido m\u00faltiples accidentes fatales.<\/p>\n<p>La inconformidad de la sociedad se intensific\u00f3 poco a poco, al grado que se organizaron cuando menos dos protestas en las carreteras para exigir la construcci\u00f3n de los puentes.<\/p>\n<p>Sin embargo, las autoridades hicieron caso omiso a las demandas, a pesar de las evidencias en el n\u00famero de accidentes que se han originado. Como una manera de acallar a los demandantes, se instalaron sem\u00e1foros preventivos en dos cruceros, en el que viene de M\u00e9rida y en el que va hacia Canc\u00fan, adem\u00e1s se instalaron 150 metros de l\u00edneas horizontales de vialetas en los dos carriles de la v\u00eda, con el objeto que los conductores reduzcan su velocidad antes de llegar a la intersecci\u00f3n.<\/p>\n<p>Luego la delegaci\u00f3n de la SCT inici\u00f3 la repavimentaci\u00f3n de poco m\u00e1s de 10 kil\u00f3metro de la carretera, empezando justo en el 158 y concluyendo en el 168, pasando por la ciudad. Incluso en el proyecto se contempla justamente la parte donde est\u00e1n los cruceros y retiraron las vialetas.<\/p>\n<p>Menos accidentes<\/p>\n<p>Con la instalaci\u00f3n de las vialetas, el n\u00famero de accidentes se redujo considerablemente, incluso los percances eran espor\u00e1dicos, a excepci\u00f3n del crucero que conduce a la poblaci\u00f3n de Chichimil\u00e1, donde ocurren accidentes constantemente.<\/p>\n<p>Desde hace m\u00e1s de 15 d\u00edas concluyeron los trabajos de repavimentaci\u00f3n en los dos puntos de la carretera con el crucero del perif\u00e9rico y hasta ahora no han reinstalado las vialetas, por lo que el peligro de los accidentes regres\u00f3, lo cual se evidenci\u00f3 el viernes al chocar dos autos justo en el crucero de la v\u00eda libre a M\u00e9rida con el anillo perif\u00e9rico.<\/p>\n<p>El impacto ocurri\u00f3 porque uno de los involucrados circulaba a exceso de velocidad sobre la v\u00eda y al intentar dar vuelta hacia el perif\u00e9rico no se percat\u00f3 que otro veh\u00edculo ven\u00eda en sentido contrario, es decir de esta ciudad hacia M\u00e9rida.<\/p>\n<p>Por fortuna los conductores resultaron ilesos.\u2014 J.A.O.O.<\/p>\n<\/div>\n<p><script>\n!function(f,b,e,v,n,t,s)\n{if(f.fbq)return;n=f.fbq=function(){n.callMethod?\nn.callMethod.apply(n,arguments):n.queue.push(arguments)};\nif(!f._fbq)f._fbq=n;n.push=n;n.loaded=!0;n.version='2.0';\nn.queue=[];t=b.createElement(e);t.async=!0;\nt.src=v;s=b.getElementsByTagName(e)[0];\ns.parentNode.insertBefore(t,s)}(window,document,'script',\n'https:\/\/connect.facebook.net\/en_US\/fbevents.js');\nfbq('init', '1465956286767657'); \nfbq('track', 'PageView');\n<\/script><script type=\"text\/javascript\">\n\t\t(function($) {\n\t\t\tvar loaded = false;\n\t\t\tvar loadFB = function() {\n\t\t\t\tif (loaded) return;\n\t\t\t\tloaded = true;\n\t\t\t\t(function (d, s, id) {\n\t\t\t\t\tvar js, fjs = d.getElementsByTagName(s)[0];\n\t\t\t\t\tif (d.getElementById(id)) return;\n\t\t\t\t\tjs = d.createElement(s);\n\t\t\t\t\tjs.id = id;\n\t\t\t\t\tjs.src = \"https:\/\/connect.facebook.net\/en_US\/sdk.js#xfbml=1&version=v2.5\";\n\t\t\t\t\tfjs.parentNode.insertBefore(js, fjs);\n\t\t\t\t}(document, 'script', 'facebook-jssdk'));\n\t\t\t};\n\t\t\tsetTimeout(loadFB, 0);\n\t\t\t$('body').on('bimberLoadFbSdk', loadFB);\n\t\t})(jQuery);\n\t<\/script><br \/>\n<br \/><\/p>\n<p><em> &#8221; Fuentes www.yucatan.com.mx &#8221; <\/em><\/p>\n","protected":false},"excerpt":{"rendered":"<p>Choque entre dos autos tras retirar vialetas por obra VALLADOLID.\u2014 La carretera federal libre rumbo a la ciudad de M\u00e9rida, justo en el crucero con el libramiento, nuevamente se convierte en un riesgo, ya que el viernes se registr\u00f3 un choque, luego que desde hace 15 d\u00edas retiraron las m\u00e1s de 30 filas de vialetas [&hellip;]<\/p>\n","protected":false},"author":4,"featured_media":96047,"comment_status":"open","ping_status":"closed","sticky":false,"template":"","format":"standard","meta":{"om_disable_all_campaigns":false,"jnews-multi-image_gallery":[],"jnews_single_post":[],"jnews_primary_category":[],"jnews_social_meta":[],"footnotes":""},"categories":[41],"tags":[],"class_list":["post-96046","post","type-post","status-publish","format-standard","has-post-thumbnail","hentry","category-cruceros"],"_links":{"self":[{"href":"https:\/\/dimensionturistica.com\/es\/wp-json\/wp\/v2\/posts\/96046","targetHints":{"allow":["GET"]}}],"collection":[{"href":"https:\/\/dimensionturistica.com\/es\/wp-json\/wp\/v2\/posts"}],"about":[{"href":"https:\/\/dimensionturistica.com\/es\/wp-json\/wp\/v2\/types\/post"}],"author":[{"embeddable":true,"href":"https:\/\/dimensionturistica.com\/es\/wp-json\/wp\/v2\/users\/4"}],"replies":[{"embeddable":true,"href":"https:\/\/dimensionturistica.com\/es\/wp-json\/wp\/v2\/comments?post=96046"}],"version-history":[{"count":0,"href":"https:\/\/dimensionturistica.com\/es\/wp-json\/wp\/v2\/posts\/96046\/revisions"}],"wp:featuredmedia":[{"embeddable":true,"href":"https:\/\/dimensionturistica.com\/es\/wp-json\/wp\/v2\/media\/96047"}],"wp:attachment":[{"href":"https:\/\/dimensionturistica.com\/es\/wp-json\/wp\/v2\/media?parent=96046"}],"wp:term":[{"taxonomy":"category","embeddable":true,"href":"https:\/\/dimensionturistica.com\/es\/wp-json\/wp\/v2\/categories?post=96046"},{"taxonomy":"post_tag","embeddable":true,"href":"https:\/\/dimensionturistica.com\/es\/wp-json\/wp\/v2\/tags?post=96046"}],"curies":[{"name":"wp","href":"https:\/\/api.w.org\/{rel}","templated":true}]}}