{"id":960379,"date":"2025-04-11T18:25:49","date_gmt":"2025-04-11T18:25:49","guid":{"rendered":"https:\/\/dimensionturistica.com\/es\/?p=960379"},"modified":"2025-04-11T18:25:49","modified_gmt":"2025-04-11T18:25:49","slug":"estilos-de-cortes-largos-para-mujeres-segun-tu-tipo-de-cabello-para-esta-temporada-primavera-verano-2025","status":"publish","type":"post","link":"https:\/\/dimensionturistica.com\/es\/estilos-de-cortes-largos-para-mujeres-segun-tu-tipo-de-cabello-para-esta-temporada-primavera-verano-2025\/","title":{"rendered":"Estilos de cortes largos para mujeres seg\u00fan tu tipo de cabello para esta temporada Primavera-Verano 2025."},"content":{"rendered":"<p><strong>Descubre los Cortes de Cabello Largo para Mujer: Tendencias de Primavera 2025<\/strong><\/p>\n<p>La llegada de la primavera no solo marca el renacer de la naturaleza, sino tambi\u00e9n la oportunidad perfecta para renovar nuestro look. El cabello largo es un cl\u00e1sico que siempre se asocia con la femineidad y la elegancia, y en esta temporada, diferentes estilos de cortes est\u00e1n surgiendo como tendencias destacadas para aquellas que desean un cambio sin perder la longitud.<\/p>\n<h3>Estilos para Cada Tipo de Cabello<\/h3>\n<p><strong>Cabello Lacio<\/strong>: Para las melenas lisas, los cortes en capas son una opci\u00f3n fant\u00e1stica. Este tipo de corte aporta movimiento y textura, evitando que el cabello se vea pesado o sin vida. Las capas sutiles, especialmente alrededor del rostro, enmarcan las facciones y a\u00f1aden un toque fresco y moderno. Tambi\u00e9n puedes optar por un corte recto con puntas desfiladas, que proporciona un acabado pulido y elegante.<\/p>\n<p><strong>Cabello Rizado<\/strong>: Si tienes ondas o rizos, este es el momento de mostrar tu cabellera. Los cortes de longitud media a larga con \u00e1ngulos son ideales para resaltar la forma natural de tu cabello. Las capas largas no solo crean definici\u00f3n, sino que tambi\u00e9n eliminan el volumen en exceso, d\u00e1ndole un aire ligero y desenfadado. Este tipo de corte permite que los rizos caigan de manera natural, creando un look bohemio perfecto para la temporada primaveral.<\/p>\n<p><strong>Cabello Ondulado<\/strong>: Para quienes poseen un cabello que oscila entre lo lacio y lo rizado, los cortes en V est\u00e1n de moda. Este estilo realza el movimiento de las ondas, proporcionando un efecto din\u00e1mico y voluminoso. Si quieres algo m\u00e1s marcado, un corte bob largo que llegue hasta los hombros tambi\u00e9n puede ser una opci\u00f3n vers\u00e1til, permitiendo m\u00faltiples estilos de peinado, desde ondas suaves hasta un liso elegante.<\/p>\n<h3>Resaltando la Personalidad con Color<\/h3>\n<p>La primavera es la \u00e9poca ideal para experimentar con el color. Las t\u00e9cnicas de balayage y ombr\u00e9 est\u00e1n renaciendo, y aportan luminosidad a cualquier corte. Jugar con matices m\u00e1s claros en las puntas o incorporar tonos pastel puede ser una excelente forma de refrescar tu look sin comprometer la longitud. Adem\u00e1s, el color aporta dimensi\u00f3n al corte, haciendo que cada capa destaque de manera \u00fanica.<\/p>\n<h3>Complementos para un Look Completo<\/h3>\n<p>No olvides que un buen corte tambi\u00e9n es complementado con accesorios y cuidados. Las cintas para el cabello, diademas coloridas y pasadores met\u00e1licos son perfectos para darle un aire moderno y jovial a tu estilo. Asimismo, usar productos espec\u00edficos que protegen el cabello del calor y la contaminaci\u00f3n ayudar\u00e1 a mantener tu melena saludable.<\/p>\n<h3>Conclusiones<\/h3>\n<p>La primavera 2025 promete ser una temporada llena de frescura y renovaci\u00f3n en el mundo del cabello. Ya sea que prefieras un estilo cl\u00e1sico o uno m\u00e1s arriesgado, la clave est\u00e1 en elegir un corte que resalte tu personalidad y se adapte a la textura de tu cabello. \u00a1An\u00edmate a hacer un cambio y sorprende a todos con tu nuevo look! Recuerda, cada melena tiene su historia y esta primavera es la oportunidad perfecta para escribir un nuevo cap\u00edtulo.<\/p>\n<p><em> &#8221; Sources www.vogue.mx &#8221; <\/em><\/p>\n<p><em> &#8221; Fuentes www.vogue.mx &#8221; <\/em><\/p>\n","protected":false},"excerpt":{"rendered":"<p>Descubre los Cortes de Cabello Largo para Mujer: Tendencias de Primavera 2025 La llegada de la primavera no solo marca el renacer de la naturaleza, sino tambi\u00e9n la oportunidad perfecta para renovar nuestro look. El cabello largo es un cl\u00e1sico que siempre se asocia con la femineidad y la elegancia, y en esta temporada, diferentes [&hellip;]<\/p>\n","protected":false},"author":4,"featured_media":960380,"comment_status":"open","ping_status":"closed","sticky":false,"template":"","format":"standard","meta":{"om_disable_all_campaigns":false,"jnews-multi-image_gallery":[],"jnews_single_post":[],"jnews_primary_category":[],"jnews_social_meta":[],"footnotes":""},"categories":[144872],"tags":[27305,200508,6656,980,8301,200334,218622,2873],"class_list":["post-960379","post","type-post","status-publish","format-standard","has-post-thumbnail","hentry","category-fashion","tag-27305","tag-cortes-de-cabello","tag-largo","tag-mujer","tag-primavera","tag-primavera-verano-2025","tag-tipo-de-cabello","tag-verano"],"_links":{"self":[{"href":"https:\/\/dimensionturistica.com\/es\/wp-json\/wp\/v2\/posts\/960379","targetHints":{"allow":["GET"]}}],"collection":[{"href":"https:\/\/dimensionturistica.com\/es\/wp-json\/wp\/v2\/posts"}],"about":[{"href":"https:\/\/dimensionturistica.com\/es\/wp-json\/wp\/v2\/types\/post"}],"author":[{"embeddable":true,"href":"https:\/\/dimensionturistica.com\/es\/wp-json\/wp\/v2\/users\/4"}],"replies":[{"embeddable":true,"href":"https:\/\/dimensionturistica.com\/es\/wp-json\/wp\/v2\/comments?post=960379"}],"version-history":[{"count":0,"href":"https:\/\/dimensionturistica.com\/es\/wp-json\/wp\/v2\/posts\/960379\/revisions"}],"wp:featuredmedia":[{"embeddable":true,"href":"https:\/\/dimensionturistica.com\/es\/wp-json\/wp\/v2\/media\/960380"}],"wp:attachment":[{"href":"https:\/\/dimensionturistica.com\/es\/wp-json\/wp\/v2\/media?parent=960379"}],"wp:term":[{"taxonomy":"category","embeddable":true,"href":"https:\/\/dimensionturistica.com\/es\/wp-json\/wp\/v2\/categories?post=960379"},{"taxonomy":"post_tag","embeddable":true,"href":"https:\/\/dimensionturistica.com\/es\/wp-json\/wp\/v2\/tags?post=960379"}],"curies":[{"name":"wp","href":"https:\/\/api.w.org\/{rel}","templated":true}]}}