{"id":96034,"date":"2021-03-15T08:52:02","date_gmt":"2021-03-15T08:52:02","guid":{"rendered":"https:\/\/dimensionturistica.com\/es\/?p=96034"},"modified":"2021-03-15T08:52:02","modified_gmt":"2021-03-15T08:52:02","slug":"ventas-de-la-antad-tienen-su-peor-febrero-desde-que-se-tiene-registro","status":"publish","type":"post","link":"https:\/\/dimensionturistica.com\/es\/ventas-de-la-antad-tienen-su-peor-febrero-desde-que-se-tiene-registro\/","title":{"rendered":"Ventas de la ANTAD tienen su peor febrero desde que se tiene registro"},"content":{"rendered":"<p> <br \/>\n<\/p>\n<div>\n<div>\n<p class=\"paragraph\" data-count=\"194\" data-wrap=\"30\">&#13;Durante febrero, las ventas de la Asociaci\u00f3n Nacional de Tiendas de Autoservicio y Departamentales (ANTAD) cayeron 1.5 por ciento a tiendas comparables, aquellas con m\u00e1s de un a\u00f1o en operaci\u00f3n.<\/p>\n<p class=\"paragraph\" data-count=\"178\" data-wrap=\"34\">De esta forma el indicador se coloca como el peor febrero para los ingresos de la Asociaci\u00f3n que preside Vicente Y\u00e1\u00f1ez, cerca de la ca\u00edda por 1.4 por ciento que se tuvo en 2009.&#13;<\/p>\n<p class=\"paragraph\" data-count=\"149\" data-wrap=\"25\">En paralelo, la ca\u00edda de febrero represent\u00f3 una &#8216;recuperaci\u00f3n&#8217; respecto al colapso de 8.2 por ciento que tuvieron los ingresos de la ANTAD en enero.&#13;<\/p>\n<p class=\"paragraph\" data-count=\"121\" data-wrap=\"20\">A tiendas totales los ingresos consiguieron retornar a terreno positivo tras tres meses, con un alza del 0.4 por ciento.&#13;<\/p>\n<p class=\"paragraph\" data-count=\"205\" data-wrap=\"37\">En t\u00e9rminos reales, descontando la inflaci\u00f3n que el Inegi coloc\u00f3 en 3.76 por ciento para el mes de febrero, las ventas de la ANTAD cayeron 5.1 por ciento a tiendas comparables, y 3.2 por ciento a totales.&#13;<\/p>\n<p class=\"paragraph\" data-count=\"264\" data-wrap=\"49\">Las ventas al segundo mes de 2021 fueron de 207 mil 300 millones de pesos. Al cierre de 2020, las cadenas comerciales que forman la ANTAD agrupan en conjunto m\u00e1s de 67 mil tiendas que tienen una superficie complete de venta por m\u00e1s de 24 millones de metros cuadrados.<\/p>\n<p class=\"paragraph\" data-count=\"20\" data-wrap=\"3\"><strong>Te podr\u00eda interesar:<\/strong><\/p>\n<p class=\"paragraph\" data-count=\"91\" data-wrap=\"14\"><a rel=\"nofollow noopener\" target=\"_blank\" class=\"ef__link\" href=\"https:\/\/elfinanciero.com.mx\/economia\/hacienda-mejora-pronostico-de-crecimiento-para-el-pib-2021-por-aceleron-en-la-vacunacion\">Hacienda mejora pron\u00f3stico de crecimiento para el PIB en 2021 por &#8216;aceler\u00f3n&#8217; de vacunaci\u00f3n&#13;<\/a><\/p>\n<p class=\"paragraph\" data-count=\"92\" data-wrap=\"15\"><a rel=\"nofollow noopener\" target=\"_blank\" class=\"ef__link\" href=\"https:\/\/elfinanciero.com.mx\/nacional\/no-hay-error-son-diferentes-metodologias-en-costos-de-cancelacion-del-naim-auditor-de-asf\">No hay error, son diferentes metodolog\u00edas en costos de cancelaci\u00f3n del NAIM: auditor de ASF<\/a>&#13;<\/p>\n<div class=\"image__block \">\n<figure><img decoding=\"async\" alt=\"\" src=\"https:\/\/dimensionturistica.com\/es\/wp-content\/uploads\/2021\/03\/Ventas-de-la-ANTAD-tienen-su-peor-febrero-desde-que.jpeg\" style=\"height:auto;width:100%\"\/><\/figure>\n<p><span class=\"element__credit\"\/><\/div>\n<\/div>\n<\/div>\n\n<p><em> &#8221; Fuentes www.elfinanciero.com.mx &#8221; <\/em><\/p>\n","protected":false},"excerpt":{"rendered":"<p>&#13;Durante febrero, las ventas de la Asociaci\u00f3n Nacional de Tiendas de Autoservicio y Departamentales (ANTAD) cayeron 1.5 por ciento a tiendas comparables, aquellas con m\u00e1s de un a\u00f1o en operaci\u00f3n. De esta forma el indicador se coloca como el peor febrero para los ingresos de la Asociaci\u00f3n que preside Vicente Y\u00e1\u00f1ez, cerca de la ca\u00edda [&hellip;]<\/p>\n","protected":false},"author":4,"featured_media":96035,"comment_status":"open","ping_status":"closed","sticky":false,"template":"","format":"standard","meta":{"om_disable_all_campaigns":false,"jnews-multi-image_gallery":[],"jnews_single_post":[],"jnews_primary_category":[],"jnews_social_meta":[],"footnotes":""},"categories":[41],"tags":[],"class_list":["post-96034","post","type-post","status-publish","format-standard","has-post-thumbnail","hentry","category-cruceros"],"_links":{"self":[{"href":"https:\/\/dimensionturistica.com\/es\/wp-json\/wp\/v2\/posts\/96034","targetHints":{"allow":["GET"]}}],"collection":[{"href":"https:\/\/dimensionturistica.com\/es\/wp-json\/wp\/v2\/posts"}],"about":[{"href":"https:\/\/dimensionturistica.com\/es\/wp-json\/wp\/v2\/types\/post"}],"author":[{"embeddable":true,"href":"https:\/\/dimensionturistica.com\/es\/wp-json\/wp\/v2\/users\/4"}],"replies":[{"embeddable":true,"href":"https:\/\/dimensionturistica.com\/es\/wp-json\/wp\/v2\/comments?post=96034"}],"version-history":[{"count":0,"href":"https:\/\/dimensionturistica.com\/es\/wp-json\/wp\/v2\/posts\/96034\/revisions"}],"wp:featuredmedia":[{"embeddable":true,"href":"https:\/\/dimensionturistica.com\/es\/wp-json\/wp\/v2\/media\/96035"}],"wp:attachment":[{"href":"https:\/\/dimensionturistica.com\/es\/wp-json\/wp\/v2\/media?parent=96034"}],"wp:term":[{"taxonomy":"category","embeddable":true,"href":"https:\/\/dimensionturistica.com\/es\/wp-json\/wp\/v2\/categories?post=96034"},{"taxonomy":"post_tag","embeddable":true,"href":"https:\/\/dimensionturistica.com\/es\/wp-json\/wp\/v2\/tags?post=96034"}],"curies":[{"name":"wp","href":"https:\/\/api.w.org\/{rel}","templated":true}]}}