{"id":959965,"date":"2025-04-11T04:54:24","date_gmt":"2025-04-11T04:54:24","guid":{"rendered":"https:\/\/dimensionturistica.com\/es\/?p=959965"},"modified":"2025-04-11T04:54:24","modified_gmt":"2025-04-11T04:54:24","slug":"un-viaje-inaugural-a-bordo-de-un-barco-al-compas-de-prince","status":"publish","type":"post","link":"https:\/\/dimensionturistica.com\/es\/un-viaje-inaugural-a-bordo-de-un-barco-al-compas-de-prince\/","title":{"rendered":"Un viaje inaugural a bordo de un barco al comp\u00e1s de Prince"},"content":{"rendered":"<h3>Navegando al Son de las Olas Moradas<\/h3>\n<p>En el vasto oc\u00e9ano de opciones que presenta el turismo contempor\u00e1neo, un nuevo crucero ha capturado la atenci\u00f3n de los viajeros ansiosos de experiencias \u00fanicas. Imagina surcar las aguas mientras te sumerges en un ambiente festivo lleno de m\u00fasica, baile y la energ\u00eda hipn\u00f3tica que solo un \u00edcono como Prince puede proporcionar. Este innovador crucero ofrece la oportunidad de rendir homenaje a uno de los artistas m\u00e1s influyentes de la m\u00fasica contempor\u00e1nea, y es una propuesta que no solo promete entretenimiento, sino tambi\u00e9n un viaje lleno de conexiones emocionales.<\/p>\n<h3>La Experiencia a Bordo: Mucho M\u00e1s que un Crucero<\/h3>\n<p>El crucero, que se lanzar\u00e1 pr\u00f3ximamente, se presenta como una inmersi\u00f3n completa en el legado musical de Prince. Desde el momento en que los pasajeros aborden, ser\u00e1n recibidos por un ambiente vibrante, donde la m\u00fasica del artista resonar\u00e1 en cada rinc\u00f3n. Discursos inspiradores, actuaciones en vivo de artistas tributo y noches tem\u00e1ticas centrar\u00e1n la atenci\u00f3n en la obra de Prince, creando un espacio donde la nostalgia y la celebraci\u00f3n se encuentra en perfecta armon\u00eda.<\/p>\n<h3>Rutas y Destinos: M\u00e1s All\u00e1 del Ritmo<\/h3>\n<p>El itinerario del crucero permitir\u00e1 a los hu\u00e9spedes explorar destinos cautivadores, cada uno cuidadosamente seleccionado para complementar la experiencia musical. Desde las cristalinas aguas del Mar Caribe hasta las vibrantes costas de lugares emblem\u00e1ticos, cada parada tiene su propio encanto. Los pasajeros no solo disfrutar\u00e1n de la m\u00fasica, sino que tambi\u00e9n tendr\u00e1n la oportunidad de aventurarse en excursiones en tierra, empap\u00e1ndose de la cultura local y experimentando una fusi\u00f3n \u00fanica entre la m\u00fasica y el estilo de vida de cada destino.<\/p>\n<h3>Comunidad y Conexiones: Un Viaje de Amistad<\/h3>\n<p>Este evento no es solo para los fan\u00e1ticos de Prince; es una celebraci\u00f3n de la m\u00fasica y la unidad. A bordo, los pasajeros tendr\u00e1n la oportunidad de conectar con otros amantes de la m\u00fasica, creando amistades que pueden durar toda la vida. Uno de los aspectos m\u00e1s destacados del crucero es la posibilidad de participar en talleres interactivos, donde los asistentes pueden aprender sobre la influencia musical de Prince y c\u00f3mo su legado sigue vivo en la actualidad.<\/p>\n<h3>Conclusi\u00f3n: Un Crucero de Recuerdos Duraderos<\/h3>\n<p>Este exclusivo crucero es sin duda una experiencia que trasciende lo convencional. Proporciona un espacio no solo para disfrutar de la m\u00fasica, sino para conectar con otros, explorar nuevas culturas y hacer recuerdos imborrables. Con un ambiente festivo, un itinerario cautivador y una comunidad vibrante, este crucero al ritmo de Prince promete ser un viaje que resuena en el alma de todo aquel que se atreva a embarcarse.<\/p>\n<p>La invitaci\u00f3n est\u00e1 clara: si buscas una experiencia que combine m\u00fasica, aventura y camarader\u00eda, no dejes pasar la oportunidad de ser parte de esta innovadora traves\u00eda sobre las olas moradas. Un viaje para los sentidos y el coraz\u00f3n, donde la m\u00fasica se convierte en el hilo conductor de momentos inolvidables. \u00a1Prep\u00e1rate para zarpar!<\/p>\n<p><em> &#8221; Sources www.larazon.es &#8221; <\/em><\/p>\n<p><em> &#8221; Fuentes www.larazon.es &#8221; <\/em><\/p>\n","protected":false},"excerpt":{"rendered":"<p>Navegando al Son de las Olas Moradas En el vasto oc\u00e9ano de opciones que presenta el turismo contempor\u00e1neo, un nuevo crucero ha capturado la atenci\u00f3n de los viajeros ansiosos de experiencias \u00fanicas. Imagina surcar las aguas mientras te sumerges en un ambiente festivo lleno de m\u00fasica, baile y la energ\u00eda hipn\u00f3tica que solo un \u00edcono [&hellip;]<\/p>\n","protected":false},"author":4,"featured_media":959966,"comment_status":"open","ping_status":"closed","sticky":false,"template":"","format":"standard","meta":{"om_disable_all_campaigns":false,"jnews-multi-image_gallery":[],"jnews_single_post":[],"jnews_primary_category":[],"jnews_social_meta":[],"footnotes":""},"categories":[41],"tags":[1280,662,1371,13310,2282,135999,681],"class_list":["post-959965","post","type-post","status-publish","format-standard","has-post-thumbnail","hentry","category-cruceros","tag-crucero","tag-cultura","tag-entretenimiento","tag-estreno","tag-musica","tag-prince","tag-viaje"],"_links":{"self":[{"href":"https:\/\/dimensionturistica.com\/es\/wp-json\/wp\/v2\/posts\/959965","targetHints":{"allow":["GET"]}}],"collection":[{"href":"https:\/\/dimensionturistica.com\/es\/wp-json\/wp\/v2\/posts"}],"about":[{"href":"https:\/\/dimensionturistica.com\/es\/wp-json\/wp\/v2\/types\/post"}],"author":[{"embeddable":true,"href":"https:\/\/dimensionturistica.com\/es\/wp-json\/wp\/v2\/users\/4"}],"replies":[{"embeddable":true,"href":"https:\/\/dimensionturistica.com\/es\/wp-json\/wp\/v2\/comments?post=959965"}],"version-history":[{"count":0,"href":"https:\/\/dimensionturistica.com\/es\/wp-json\/wp\/v2\/posts\/959965\/revisions"}],"wp:featuredmedia":[{"embeddable":true,"href":"https:\/\/dimensionturistica.com\/es\/wp-json\/wp\/v2\/media\/959966"}],"wp:attachment":[{"href":"https:\/\/dimensionturistica.com\/es\/wp-json\/wp\/v2\/media?parent=959965"}],"wp:term":[{"taxonomy":"category","embeddable":true,"href":"https:\/\/dimensionturistica.com\/es\/wp-json\/wp\/v2\/categories?post=959965"},{"taxonomy":"post_tag","embeddable":true,"href":"https:\/\/dimensionturistica.com\/es\/wp-json\/wp\/v2\/tags?post=959965"}],"curies":[{"name":"wp","href":"https:\/\/api.w.org\/{rel}","templated":true}]}}