{"id":95992,"date":"2021-03-15T06:12:00","date_gmt":"2021-03-15T06:12:00","guid":{"rendered":"https:\/\/dimensionturistica.com\/es\/?p=95992"},"modified":"2021-03-15T06:12:00","modified_gmt":"2021-03-15T06:12:00","slug":"refuerza-sspo-acciones-para-disuadir-actos-delictivos-nss-oaxaca","status":"publish","type":"post","link":"https:\/\/dimensionturistica.com\/es\/refuerza-sspo-acciones-para-disuadir-actos-delictivos-nss-oaxaca\/","title":{"rendered":"Refuerza SSPO acciones para disuadir actos delictivos \u2013 NSS Oaxaca"},"content":{"rendered":"<p> <br \/>\n<\/p>\n<div>\n<p>Asimismo, mantuvieron recorridos de seguridad y vigilancia en inmediaciones de la colonia Buenos Aires y La Experimental; al igual que en la primera, segunda y tercera Secci\u00f3n del El Polvor\u00edn, La Nopalera y Casa del Temblor; aunado a las acciones desplegadas en el crucero del Aeropuerto, S\u00edmbolos Patrios, avenida Universidad y 5 Se\u00f1ores, entre otros.\u00a0<\/p>\n<\/div>\n<div>\n<p>Oaxaca. Con el objetivo de reforzar la seguridad y bienestar de la ciudadan\u00eda en la regi\u00f3n de los Valles Centrales; private de la @SSP_GobOax en coordinaci\u00f3n con la Guardia Nacional y Polic\u00edas Municipales, realiz\u00f3 operativos preventivos en centros nocturnos de San Antonio de la Cal.<\/p>\n<p>Asimismo, mantuvieron recorridos de seguridad y vigilancia en inmediaciones de la colonia Buenos Aires y La Experimental; al igual que en la primera, segunda y tercera Secci\u00f3n del El Polvor\u00edn, La Nopalera y Casa del Temblor; aunado a las acciones desplegadas en el crucero del Aeropuerto, S\u00edmbolos Patrios, avenida Universidad y 5 Se\u00f1ores, entre otros.\u00a0<\/p>\n<p>Durante dichos despliegues se inspeccionaron 12 unidades de motor y 56 personas; de igual forma, se llev\u00f3 a cabo el aseguramiento de quien se identific\u00f3 como Wilber \u201cNN\u201d, al llevar consigo dos dosis y seis bolsitas con residuos de polvo blanco con caracter\u00edsticas propias de la coca\u00edna.\u00a0<\/p>\n<p>Tambi\u00e9n se detuvo a V\u00edctor \u201cNN\u201d y Roberto \u201cNN\u201d, por la portaci\u00f3n de un arma de fuego corta, para la que no contaban con el permiso de portaci\u00f3n correspondiente. #Oaxaca<\/p>\n<\/div>\n\n<p><em> &#8221; Fuentes www.nssoaxaca.com &#8221; <\/em><\/p>\n","protected":false},"excerpt":{"rendered":"<p>Asimismo, mantuvieron recorridos de seguridad y vigilancia en inmediaciones de la colonia Buenos Aires y La Experimental; al igual que en la primera, segunda y tercera Secci\u00f3n del El Polvor\u00edn, La Nopalera y Casa del Temblor; aunado a las acciones desplegadas en el crucero del Aeropuerto, S\u00edmbolos Patrios, avenida Universidad y 5 Se\u00f1ores, entre otros.\u00a0 [&hellip;]<\/p>\n","protected":false},"author":4,"featured_media":95993,"comment_status":"open","ping_status":"closed","sticky":false,"template":"","format":"standard","meta":{"om_disable_all_campaigns":false,"jnews-multi-image_gallery":[],"jnews_single_post":[],"jnews_primary_category":[],"jnews_social_meta":[],"footnotes":""},"categories":[41],"tags":[],"class_list":["post-95992","post","type-post","status-publish","format-standard","has-post-thumbnail","hentry","category-cruceros"],"_links":{"self":[{"href":"https:\/\/dimensionturistica.com\/es\/wp-json\/wp\/v2\/posts\/95992","targetHints":{"allow":["GET"]}}],"collection":[{"href":"https:\/\/dimensionturistica.com\/es\/wp-json\/wp\/v2\/posts"}],"about":[{"href":"https:\/\/dimensionturistica.com\/es\/wp-json\/wp\/v2\/types\/post"}],"author":[{"embeddable":true,"href":"https:\/\/dimensionturistica.com\/es\/wp-json\/wp\/v2\/users\/4"}],"replies":[{"embeddable":true,"href":"https:\/\/dimensionturistica.com\/es\/wp-json\/wp\/v2\/comments?post=95992"}],"version-history":[{"count":0,"href":"https:\/\/dimensionturistica.com\/es\/wp-json\/wp\/v2\/posts\/95992\/revisions"}],"wp:featuredmedia":[{"embeddable":true,"href":"https:\/\/dimensionturistica.com\/es\/wp-json\/wp\/v2\/media\/95993"}],"wp:attachment":[{"href":"https:\/\/dimensionturistica.com\/es\/wp-json\/wp\/v2\/media?parent=95992"}],"wp:term":[{"taxonomy":"category","embeddable":true,"href":"https:\/\/dimensionturistica.com\/es\/wp-json\/wp\/v2\/categories?post=95992"},{"taxonomy":"post_tag","embeddable":true,"href":"https:\/\/dimensionturistica.com\/es\/wp-json\/wp\/v2\/tags?post=95992"}],"curies":[{"name":"wp","href":"https:\/\/api.w.org\/{rel}","templated":true}]}}