{"id":95933,"date":"2021-03-15T03:06:19","date_gmt":"2021-03-15T03:06:19","guid":{"rendered":"https:\/\/dimensionturistica.com\/es\/?p=95933"},"modified":"2021-03-15T03:06:19","modified_gmt":"2021-03-15T03:06:19","slug":"las-alertas-inteligentes-de-enric-juliana","status":"publish","type":"post","link":"https:\/\/dimensionturistica.com\/es\/las-alertas-inteligentes-de-enric-juliana\/","title":{"rendered":"Las alertas inteligentes de Enric Juliana"},"content":{"rendered":"<p> <br \/>\n<\/p>\n<div>\n<p>El entorno de la pandemia confina en el mundo de las letras a Enric Juliana para aliviarse de su saturada y anal\u00edtica memoria cuyo epicentro pol\u00edtico es la c\u00e1rcel de Burgos, capital del antifranquismo, donde los presos pol\u00edticos no acud\u00edan para estudiar.<\/p>\n<p>Juliana, director adjunto de W escribe una historia alrededor de Manuel Moreno Mauricio, y analiza las sombras de la caverna de Plat\u00f3n donde idealistas y optimistas las interpretaban, hacia 1952, como el inmediato closing de la dictadura de Franco gracias al triunfo de los aliados en la Segunda Guerra Mundial. Error. Franco aplic\u00f3 el programa de recuperaci\u00f3n econ\u00f3mica maquinado por el economista catal\u00e1n Joan Sard\u00e1 Dexeus y su \u00e9xito lo atornill\u00f3 en el poder 25 a\u00f1os m\u00e1s.<\/p>\n<p>El libro de Juliana, Aqu\u00ed no hemos venido a estudiar (editorial Arpa, 2020), tiene varios cruceros por los que circulan obras magistrales de Jordi Amat (El hijo del chofer) y Jorge Sempr\u00fan (Autobiograf\u00eda de Federico S\u00e1nchez), entre otros. Las tres obras son magn\u00edficas.\u00a0<\/p>\n<p>Manuel Moreno Mauricio fue un obrero metal\u00fargico que naci\u00f3 en Almer\u00eda y, como muchos de sus coet\u00e1neos, emigr\u00f3 a la provincia de Barcelona. Se instal\u00f3 en Badalona, particip\u00f3 en el Partido Socialista Unificado de Catalu\u00f1a (PSUC), viaj\u00f3 a Francia para luchar contra los nazis y a su regreso a Espa\u00f1a fue condenado a muerte por combatir al franquismo. Un sacerdote lo salva, pero es enviado a la c\u00e1rcel de Burgos donde el r\u00e9gimen encerraba a los que hab\u00edan sido condenados de muerte, pero por diversas circunstancias, lograban conmutar la pena.<\/p>\n<p><!-- Composite Start --> <\/p>\n<p>En los medios de la \u00e9poca a la c\u00e1rcel se le reconoc\u00eda como la Universidad de Burgos por su estructura educativa que los propios presos demandaban a las autoridades.<\/p>\n<p>El libro de Juliana no solo es una radiograf\u00eda hist\u00f3rica del franquismo, tambi\u00e9n es una alerta sobre los cambios que est\u00e1n ocurriendo en Espa\u00f1a y en Europa en common. Desde la c\u00e1rcel de Burgos se interpretaban las sobras de la caverna de Plat\u00f3n; no se sab\u00eda el destino de los cambios que ocurr\u00edan en el pa\u00eds. Ahora, escribe Juliana: \u201cEl voto vengativo de la clase obrera que se siente estafada en toda Europa es un grito de socorro. No vuelve el comunismo, pero s\u00ed ecos del comunismo. No vuelve el fascismo, pero s\u00ed ecos del fascismo\u201d.<\/p>\n<p>Juliana entiende los nuevos campos de batallas culturales: \u201clicuan la tensi\u00f3n social, las redes excitan y al mismo tiempo hacen la funci\u00f3n de las v\u00e1lvulas de vapor: sueltan tensi\u00f3n acumulada, de forma que los insultos digitales sustituyen a las agresiones f\u00edsicas\u201d.<\/p>\n<p>Sobre la actualidad espa\u00f1ola, Juliana advierte: \u201c Si la actual fase equilibradora fracasa, Espa\u00f1a podr\u00eda entrar en una deriva autoritaria expl\u00edcita en los pr\u00f3ximos tiempos\u201d.<\/p>\n<p>Una de las venas abiertas es Catalu\u00f1a. Sobre el proceso independentista, Enric Juliana indica: \u201cUn movimiento de fantas\u00eda, socializaci\u00f3n y recreo. Vitamina para muchos catalanistas de la tercera edad. Ha sido una fabulosa maniobra t\u00e1ctica de la clase dirigente nacionalista para garantizar sus posiciones de poder ante una ventolera social que pod\u00eda hab\u00e9rsela llevado\u201d.<\/p>\n<p>Los costos del proc\u00e9s son elevados, escribe Juliana: \u201cHa sido la tumba del gobierno conservador espa\u00f1ol que gestion\u00f3 la crisis econ\u00f3mica\u201d. En concreto: \u201cEl sue\u00f1o de la insurrecci\u00f3n y tambi\u00e9n la fantas\u00eda de poder convertir a Catalunya en una Gran Andorra. Ha sido un jaque al Estado&#8221;.<\/p>\n<p>La visi\u00f3n geopol\u00edtica de Juliana le hace derivar su an\u00e1lisis sobre Catalu\u00f1a en una interesante conclusi\u00f3n: El proc\u00e9s \u201cha sido, en definitiva, la declinaci\u00f3n catalana de la malaise (malestar) europea&#8221;.<\/p>\n<p>El ep\u00edlogo del libro de Juliana revela cierta dosis de angustia del periodista que, como todo el mundo, sortea el virus que le podr\u00eda impedir escribir Aqu\u00ed no hemos venido a estudiar.<\/p>\n<p>Leer La Vanguardia refleja el inter\u00e9s de uno por toparse con Enric Juliana: un gigante periodista.<\/p>\n<p>\u201cUn pa\u00eds embrutecido: este puede ser el fascismo que no amanece\u201d. Alerta inteligente que hace Juliana.<\/p>\n<p><em><strong>@faustopretelin<\/strong><\/em><\/p>\n<div class=\"nota-autor-opinion clearfix\">\n<figure class=\"nota-perfil-autor-img\">\n\t\t\t\t\t\t\t\t\t\t\t\t\t\t<img decoding=\"async\" src=\"https:\/\/dimensionturistica.com\/es\/wp-content\/uploads\/2021\/03\/Las-alertas-inteligentes-de-Enric-Juliana.png\" alt=\"Fausto Pretelin Mu\u00f1oz de Cote\" border=\"0\"\/><br \/>\n\t\t\t\t\t\t\t\t\t\t\t\t\t \t\t<\/figure>\n<div class=\"nota-perfil-autor-info\">\n<address rel=\"author\"><\/address>\n<p>Consultor, acad\u00e9mico, editor<\/p>\n<p>\t\t\t\t\t\t\t\t\t\t\t\t\t\t<span> Globali&#8230; \u00bfqu\u00e9?<\/span><\/p>\n<p class=\"nota-autor-perfil-desc\">\n\t\t\t\t\t\t\t\t\t\t\t\t\t\t\tFue profesor investigador en el departamento de Estudios Internacionales del ITAM, public\u00f3 el libro Refer\u00e9ndum Twitter y fue editor y colaborador en diversos peri\u00f3dicos como 24 Horas, El Common, Milenio. Ha publicado en revistas como International Affairs, Le Monde Diplomatique, Life&amp;Type, Chilango y Revuelta. Actualmente es editor y columnista en El Economista.<\/p>\n<\/p><\/div><\/div>\n<p>\t\t\t\t\t\t\t\t\t<!-- Composite Start -->   <!-- Composite End -->\n\t\t\t\t\t\t\t\t\t<\/div>\n<p><script>\n!function(f,b,e,v,n,t,s)\n{if(f.fbq)return;n=f.fbq=function(){n.callMethod?\nn.callMethod.apply(n,arguments):n.queue.push(arguments)};\nif(!f._fbq)f._fbq=n;n.push=n;n.loaded=!0;n.version='2.0';\nn.queue=[];t=b.createElement(e);t.async=!0;\nt.src=v;s=b.getElementsByTagName(e)[0];\ns.parentNode.insertBefore(t,s)}(window,document,'script',\n'https:\/\/connect.facebook.net\/en_US\/fbevents.js');\n fbq('init', '809027795973656'); \nfbq('track', 'PageView');\n<\/script><script>\n!function(f,b,e,v,n,t,s)\n{if(f.fbq)return;n=f.fbq=function(){n.callMethod?\nn.callMethod.apply(n,arguments):n.queue.push(arguments)};\nif(!f._fbq)f._fbq=n;n.push=n;n.loaded=!0;n.version='2.0';\nn.queue=[];t=b.createElement(e);t.async=!0;\nt.src=v;s=b.getElementsByTagName(e)[0];\ns.parentNode.insertBefore(t,s)}(window,document,'script',\n'https:\/\/connect.facebook.net\/en_US\/fbevents.js');\nfbq('init', '307764907300134');\nfbq('track', 'PageView');\n<\/script><br \/>\n<br \/><\/p>\n<p><em> &#8221; Fuentes www.eleconomista.com.mx &#8221; <\/em><\/p>\n","protected":false},"excerpt":{"rendered":"<p>El entorno de la pandemia confina en el mundo de las letras a Enric Juliana para aliviarse de su saturada y anal\u00edtica memoria cuyo epicentro pol\u00edtico es la c\u00e1rcel de Burgos, capital del antifranquismo, donde los presos pol\u00edticos no acud\u00edan para estudiar. Juliana, director adjunto de W escribe una historia alrededor de Manuel Moreno Mauricio, [&hellip;]<\/p>\n","protected":false},"author":4,"featured_media":87310,"comment_status":"open","ping_status":"closed","sticky":false,"template":"","format":"standard","meta":{"om_disable_all_campaigns":false,"jnews-multi-image_gallery":[],"jnews_single_post":[],"jnews_primary_category":[],"jnews_social_meta":[],"footnotes":""},"categories":[41],"tags":[],"class_list":["post-95933","post","type-post","status-publish","format-standard","has-post-thumbnail","hentry","category-cruceros"],"_links":{"self":[{"href":"https:\/\/dimensionturistica.com\/es\/wp-json\/wp\/v2\/posts\/95933","targetHints":{"allow":["GET"]}}],"collection":[{"href":"https:\/\/dimensionturistica.com\/es\/wp-json\/wp\/v2\/posts"}],"about":[{"href":"https:\/\/dimensionturistica.com\/es\/wp-json\/wp\/v2\/types\/post"}],"author":[{"embeddable":true,"href":"https:\/\/dimensionturistica.com\/es\/wp-json\/wp\/v2\/users\/4"}],"replies":[{"embeddable":true,"href":"https:\/\/dimensionturistica.com\/es\/wp-json\/wp\/v2\/comments?post=95933"}],"version-history":[{"count":0,"href":"https:\/\/dimensionturistica.com\/es\/wp-json\/wp\/v2\/posts\/95933\/revisions"}],"wp:featuredmedia":[{"embeddable":true,"href":"https:\/\/dimensionturistica.com\/es\/wp-json\/wp\/v2\/media\/87310"}],"wp:attachment":[{"href":"https:\/\/dimensionturistica.com\/es\/wp-json\/wp\/v2\/media?parent=95933"}],"wp:term":[{"taxonomy":"category","embeddable":true,"href":"https:\/\/dimensionturistica.com\/es\/wp-json\/wp\/v2\/categories?post=95933"},{"taxonomy":"post_tag","embeddable":true,"href":"https:\/\/dimensionturistica.com\/es\/wp-json\/wp\/v2\/tags?post=95933"}],"curies":[{"name":"wp","href":"https:\/\/api.w.org\/{rel}","templated":true}]}}