{"id":95882,"date":"2021-03-14T23:15:31","date_gmt":"2021-03-14T23:15:31","guid":{"rendered":"https:\/\/dimensionturistica.com\/es\/?p=95882"},"modified":"2021-03-14T23:15:31","modified_gmt":"2021-03-14T23:15:31","slug":"jovenes-argentinos-hacen-viaje-de-egresados-a-cancun-44-regresan-contagiados","status":"publish","type":"post","link":"https:\/\/dimensionturistica.com\/es\/jovenes-argentinos-hacen-viaje-de-egresados-a-cancun-44-regresan-contagiados\/","title":{"rendered":"J\u00f3venes argentinos hacen viaje de egresados a Canc\u00fan; 44 regresan contagiados"},"content":{"rendered":"<p> <br \/>\n<\/p>\n<div id=\"the-post\">\n<div class=\"post-inner post-content\">\n<div class=\"post-meta\">\n<div class=\"d-flex align-items-center\">\n<p>&#13;<br \/>\n\t\t\t\t\t\t\t<span class=\"tie-cat-3\"><span class=\"cat-title\">Pa\u00eds | <\/span><\/span>&#13;\n\t\t\t\t\t<\/p>\n<p>&#13;<br \/>\n\t\t\t\t\t\t\t14 Mar, 2021, 16:19\t\t\t\t\t<\/p>\n<\/p><\/div><\/div>\n<h4 class=\"post-excerpt mt-3\"\/>\n<p>Un grupo de egresados de una escuela argentina decidieron viajar a Canc\u00fan pese a las restricciones por COVID-19, lo que provoc\u00f3 que 44 de ellos regresaran contagiados a su pa\u00eds.<\/p>\n<p>\t\t\t\t <!-- .share-post --><\/p>\n<div class=\"post-featured-img post-featured-img py-3 mt-3 border-top\">\n<div class=\"single-post-thumb\">\n\t\t\t<img decoding=\"async\" width=\"700\" height=\"466\" class=\"attachment-slider size-slider wp-post-image lazyload\" alt=\"\" src=\"https:\/\/www.lavozdemichoacan.com.mx\/wp-content\/uploads\/2021\/03\/Sin-t\u00edtulo-4-7.jpg\" srcset=\"https:\/\/www.lavozdemichoacan.com.mx\/wp-content\/uploads\/2021\/03\/Sin-t\u00edtulo-4-7.jpg 700w, https:\/\/www.lavozdemichoacan.com.mx\/wp-content\/uploads\/2021\/03\/Sin-t\u00edtulo-4-7-150x100.jpg 150w, https:\/\/www.lavozdemichoacan.com.mx\/wp-content\/uploads\/2021\/03\/Sin-t\u00edtulo-4-7-300x200.jpg 300w, https:\/\/www.lavozdemichoacan.com.mx\/wp-content\/uploads\/2021\/03\/Sin-t\u00edtulo-4-7-676x450.jpg 676w\" data-sizes=\"auto\" loading=\"lazy\"\/><noscript><img decoding=\"async\" width=\"700\" height=\"466\" src=\"https:\/\/www.lavozdemichoacan.com.mx\/wp-content\/uploads\/2021\/03\/Sin-t\u00edtulo-4-7.jpg\" class=\"attachment-slider size-slider wp-post-image\" alt=\"\" srcset=\"https:\/\/www.lavozdemichoacan.com.mx\/wp-content\/uploads\/2021\/03\/Sin-t\u00edtulo-4-7.jpg 700w, https:\/\/www.lavozdemichoacan.com.mx\/wp-content\/uploads\/2021\/03\/Sin-t\u00edtulo-4-7-150x100.jpg 150w, https:\/\/www.lavozdemichoacan.com.mx\/wp-content\/uploads\/2021\/03\/Sin-t\u00edtulo-4-7-300x200.jpg 300w, https:\/\/www.lavozdemichoacan.com.mx\/wp-content\/uploads\/2021\/03\/Sin-t\u00edtulo-4-7-676x450.jpg 676w\" sizes=\"(max-width: 700px) 100vw, 700px\"\/><\/noscript>\t\t<\/div>\n<p>Foto: Twitter<\/p>\n<\/p><\/div>\n<div id=\"fontsizemoreless\" class=\"entry mt-4\">\n<p>\n\t\t\t\t\t\t&#13;<br \/>\n<button class=\"btn btn-font-more rounded-circle mr-2\" type=\"button\" onclick=\"resizeText(-1);\">&#8211;<\/button>&#13;<br \/>\n<button class=\"btn btn-font-more rounded-circle\" type=\"button\" onclick=\"resizeText(1);\">+<\/button>&#13;\n\t\t\t\t\t<\/p>\n<div class=\"px-0\">\n<figure class=\"wp-block-image\"><img decoding=\"async\" alt=\"\" class=\"wp-image-863753 lazyload\" src=\"https:\/\/www.lavozdemichoacan.com.mx\/wp-content\/uploads\/2021\/03\/image-52.png\" loading=\"lazy\"\/><noscript><img decoding=\"async\" src=\"https:\/\/www.lavozdemichoacan.com.mx\/wp-content\/uploads\/2021\/03\/image-52.png\" alt=\"\" class=\"wp-image-863753\"\/><\/noscript><\/figure>\n<p>Agencias \/ La Voz de Michoac\u00e1n<\/p>\n<p>Argentina. De acuerdo con informaci\u00f3n del medio native\u00a0<em>Clar\u00edn<\/em>,<strong>\u00a0en el vuelo viajaban 149 personas.\u00a0<\/strong>Por lo que ya se solicit\u00f3\u00a0a la Direcci\u00f3n Nacional de Migraciones el listado completo de los pasajeros.<\/p>\n<p>De esta forma se busca identificar a sus contactos cercanos e iniciar el rastreo de posibles contagios.<\/p>\n<p>Tras lo ocurrido, el\u00a0<strong>Ministerio de Salud de Argentina<\/strong>\u00a0reiter\u00f3\u00a0la recomendaci\u00f3n para que sus habitantes no hagan viajes al extranjero.<\/p>\n<blockquote class=\"wp-block-quote\">\n<p>El ministerio de Salud de la Naci\u00f3n ratific\u00f3 la recomendaci\u00f3n de\u00a0evitar los viajes al exterior por motivos no esenciales, ante el riesgo de trasmisi\u00f3n en nuestro pa\u00eds de las nuevas variantes del virus SARS-CoV-2 que circulan a nivel internacional&#8221;, detallaron.\u00a0<\/p>\n<\/blockquote>\n<p>Adem\u00e1s, destacaron que quienes pese a la recomendaci\u00f3n decidan viajar, deber\u00e1n\u00a0presentar, de manera obligatoria, una prueba\u00a0de\u00a0PCR negativa\u00a0dentro de las 72 horas previas\u00a0al embarque.\u00a0<\/p>\n<p>Tambi\u00e9n, de car\u00e1cter obligatorio,\u00a0tendr\u00e1n que\u00a0realizar\u00a0<strong>cuarentena durante 10 d\u00edas a partir de la PCR negativa.\u00a0<\/strong><\/p>\n<p>Hasta el 13 de marzo,\u00a0en Argentina se tienen registrados m\u00e1s de 2.19 millones de casos positivos y 53 mil 578 muertes.<\/p>\n<p>Mientras que en M\u00e9xico hay 2.16 millones de casos y m\u00e1s de 194 mil decesos.\u00a0<\/p>\n<\/p><\/div><\/div>\n<p><!-- .entry \/-->\n\t\t\t<\/div>\n<p><!-- .post-inner --><\/p><\/div>\n\n<p><em> &#8221; Fuentes www.lavozdemichoacan.com.mx &#8221; <\/em><\/p>\n","protected":false},"excerpt":{"rendered":"<p>&#13; Pa\u00eds | &#13; &#13; 14 Mar, 2021, 16:19 Un grupo de egresados de una escuela argentina decidieron viajar a Canc\u00fan pese a las restricciones por COVID-19, lo que provoc\u00f3 que 44 de ellos regresaran contagiados a su pa\u00eds. Foto: Twitter &#13; &#8211;&#13; +&#13; Agencias \/ La Voz de Michoac\u00e1n Argentina. De acuerdo con informaci\u00f3n [&hellip;]<\/p>\n","protected":false},"author":4,"featured_media":95883,"comment_status":"open","ping_status":"closed","sticky":false,"template":"","format":"standard","meta":{"om_disable_all_campaigns":false,"jnews-multi-image_gallery":[],"jnews_single_post":[],"jnews_primary_category":[],"jnews_social_meta":[],"footnotes":""},"categories":[40],"tags":[1762,19811,2270,7878,16325,973,3104,19820,16344,16337,16321,3108,16341,603,16322,2665,2403,3112,2450,16327,11098,1551,16334,3109,3105,16333,16329,4360,16347,16310,5044,16356,19812,2292,4858,19821,1975,1356,510,16316,3102,739,19818,5211,16315,3097,5250,19816,2142,16319,16350,3098,16331,16328,9255,3111,16348,4139,16320,6038,16353,16354,3317,3124,4676,16352,16338,3096,19815,16349,16324,16323,16313,16340,16314,1300,4735,2510,8424,1099,7881,16339,6037,8293,16351,16342,10982,2511,980,7494,705,16326,2221,16318,3117,16311,16336,19814,3100,3099,8301,2631,1411,16346,3101,971,19817,3103,3107,1499,19813,16309,12676,16355,16358,16343,16317,16345,16330,16335,2155,16332,16357,16359,16312,16360,1597,19819],"class_list":["post-95882","post","type-post","status-publish","format-standard","has-post-thumbnail","hentry","category-industria","tag-1762","tag-8-de-marzo","tag-accidente","tag-agricultura","tag-aguacate","tag-amlo","tag-antonio-garcia-conejo","tag-antros","tag-apatzingan","tag-aquila","tag-asesinatos","tag-atletico-morelia","tag-autodefensas","tag-ayuntamiento","tag-balacera","tag-balnearios","tag-banco","tag-bares","tag-becas","tag-berries","tag-biden","tag-calor","tag-camas","tag-canarios","tag-candidatos","tag-carlos-herrera","tag-carteles-unidos","tag-casos","tag-cb","tag-cerro-del-aguila","tag-cjng","tag-clases-virtuales","tag-cnte","tag-comicios","tag-confinamiento","tag-confirmados","tag-contagios","tag-covid","tag-covid-19","tag-crimen-organizado","tag-cristobal-arias","tag-cubrebocas","tag-cuizeo","tag-dia-de-muertos","tag-diana-carpio","tag-diego","tag-droga","tag-ejidatarios","tag-elecciones","tag-enfrentamiento","tag-estadio-morelos","tag-feminicidio","tag-ficm","tag-fresa","tag-frio","tag-gimnasios","tag-grupo-marmor","tag-guardia-nacional","tag-homicidios","tag-horoscopos","tag-hospital-civil","tag-hospital-infantil","tag-hospitales","tag-iglesias","tag-imss","tag-issste","tag-jaripeos","tag-jessica","tag-jesus-del-monte","tag-jose-luis-higuera","tag-la-voz","tag-la-voz-de-michoacan","tag-lazaro-cardenas","tag-liga-expansion","tag-lopez-obrador","tag-manifestacion","tag-marcha","tag-mario-delgado","tag-mariposa-monarca","tag-mazatlan","tag-medidas-sanitarias","tag-memo-valencia","tag-michoacan","tag-migracion","tag-mikel-arriola","tag-mireles","tag-morelia","tag-morena","tag-mujer","tag-narco","tag-noticias","tag-paisanos","tag-pan","tag-paracho","tag-patrullas","tag-patzcuaro","tag-pichilinguillo","tag-pico-azul","tag-prd","tag-pri","tag-primavera","tag-pueblo-magico","tag-puerto","tag-quadratin","tag-raul-moron","tag-regreso-a-clases","tag-revolucion-social","tag-roberto-pantoja","tag-sat","tag-secretaria-de-salud","tag-secuestro","tag-silvano-aureoles","tag-snte","tag-tarimbaro","tag-tec-de-morelia","tag-tepalcatepec","tag-tiendas","tag-tierra-caliente","tag-tortillerias","tag-tortugas","tag-trump","tag-tzintzuntzan","tag-umsnh","tag-unla","tag-uruapan","tag-uvaq","tag-vacuna","tag-venta-de-alcohol"],"_links":{"self":[{"href":"https:\/\/dimensionturistica.com\/es\/wp-json\/wp\/v2\/posts\/95882","targetHints":{"allow":["GET"]}}],"collection":[{"href":"https:\/\/dimensionturistica.com\/es\/wp-json\/wp\/v2\/posts"}],"about":[{"href":"https:\/\/dimensionturistica.com\/es\/wp-json\/wp\/v2\/types\/post"}],"author":[{"embeddable":true,"href":"https:\/\/dimensionturistica.com\/es\/wp-json\/wp\/v2\/users\/4"}],"replies":[{"embeddable":true,"href":"https:\/\/dimensionturistica.com\/es\/wp-json\/wp\/v2\/comments?post=95882"}],"version-history":[{"count":0,"href":"https:\/\/dimensionturistica.com\/es\/wp-json\/wp\/v2\/posts\/95882\/revisions"}],"wp:featuredmedia":[{"embeddable":true,"href":"https:\/\/dimensionturistica.com\/es\/wp-json\/wp\/v2\/media\/95883"}],"wp:attachment":[{"href":"https:\/\/dimensionturistica.com\/es\/wp-json\/wp\/v2\/media?parent=95882"}],"wp:term":[{"taxonomy":"category","embeddable":true,"href":"https:\/\/dimensionturistica.com\/es\/wp-json\/wp\/v2\/categories?post=95882"},{"taxonomy":"post_tag","embeddable":true,"href":"https:\/\/dimensionturistica.com\/es\/wp-json\/wp\/v2\/tags?post=95882"}],"curies":[{"name":"wp","href":"https:\/\/api.w.org\/{rel}","templated":true}]}}