{"id":958493,"date":"2025-04-09T06:20:32","date_gmt":"2025-04-09T06:20:32","guid":{"rendered":"https:\/\/dimensionturistica.com\/es\/?p=958493"},"modified":"2025-04-09T06:20:32","modified_gmt":"2025-04-09T06:20:32","slug":"millones-de-viajeros-optan-por-europa-y-el-caribe-en-lugar-de-estados-unidos","status":"publish","type":"post","link":"https:\/\/dimensionturistica.com\/es\/millones-de-viajeros-optan-por-europa-y-el-caribe-en-lugar-de-estados-unidos\/","title":{"rendered":"Millones de viajeros optan por Europa y el Caribe en lugar de Estados Unidos"},"content":{"rendered":"<p><strong>Tendencias del turismo: La b\u00fasqueda de nuevas experiencias en Europa y el Caribe<\/strong><\/p>\n<p>En un contexto global donde la movilidad ha sido afectada por diversas circunstancias, miles de viajeros est\u00e1n reconfigurando sus destinos de viaje, orient\u00e1ndose hacia Europa y el Caribe en detrimento de los Estados Unidos. Este fen\u00f3meno ha despertado el inter\u00e9s de expertos en turismo, quienes se\u00f1alan que la elecci\u00f3n de rutas m\u00e1s lejanas se debe a una combinaci\u00f3n de factores, desde restricciones de entrada hasta la b\u00fasqueda de vivencias aut\u00e9nticas y enriquecedoras.<\/p>\n<p>El Caribe, con sus aguas cristalinas, playas de arena blanca y una cultural vibrante, ha emergido como una de las alternativas m\u00e1s atractivas. Los turistas buscan escapar del bullicio y del estr\u00e9s cotidiano, y las islas caribe\u00f1as ofrecen el refugio perfecto. Cada pa\u00eds de la regi\u00f3n tiene su propia identidad, rica en tradiciones, gastronom\u00eda, m\u00fasica y arte, lo que brinda a los visitantes una experiencia \u00fanica en cada parada. En este sentido, lugares como La Habana, Santo Domingo o San Juan no son solo destinos de sol y playa, sino tambi\u00e9n epicentros de cultura y entretenimiento.<\/p>\n<p>Por otro lado, Europa contin\u00faa siendo un im\u00e1n para aquellos que desean sumergirse en su patrimonio hist\u00f3rico y arquitect\u00f3nico. Ciudades como Barcelona, Par\u00eds, y Roma aseguran a los turistas una mezcla de historia, arte y modernidad. Adem\u00e1s, la amplia oferta de recorridos por paisajes pintorescos y gastronom\u00eda regional ha capturado la atenci\u00f3n de quienes buscan ampliar sus horizontes culturales. Este continente se presenta como la compa\u00f1\u00eda ideal para aquellos que desean equilibrar el relax de sus vacaciones con el enriquecimiento personal.<\/p>\n<p>La pandemia ha cambiado las din\u00e1micas de viaje, haciendo que los turistas sean m\u00e1s selectivos al elegir sus destinos. La incertidumbre y las restricciones han impulsado a muchos a buscar alternativas m\u00e1s cercanas, seguras y accesibles. De este modo, el Caribe y Europa no solo se posicionan como soluciones ante las limitaciones de otros destinos, sino que tambi\u00e9n se consolidan como puntos de encuentro para el anhelo de aventura y la necesidad de desconexi\u00f3n.<\/p>\n<p>El inter\u00e9s por el turismo responsable y sostenible tambi\u00e9n juega un papel importante en esta reconfiguraci\u00f3n. Los viajeros actuales son m\u00e1s conscientes de su impacto ambiental y social, lo que ha llevado a un aumento en las experiencias de turismo comunitario. Al optar por el Caribe y Europa, muchos eligen involucrarse con locales, participar en proyectos de conservaci\u00f3n y apoyar la econom\u00eda de los lugares que visitan.<\/p>\n<p>En conclusi\u00f3n, mientras el panorama tur\u00edstico global contin\u00faa evolucionando, Europa y el Caribe se est\u00e1n consolidando como alternativas atractivas para aquellos que buscan evadir la rutina y vivir nuevas experiencias. Con una oferta rica en diversidad cultural, rica gastronom\u00eda y paisajes impresionantes, estos destinos est\u00e1n bien posicionados para atraer a la nueva generaci\u00f3n de viajeros que valora la autenticidad y el compromiso durante sus aventuras.<\/p>\n<p><em> &#8221; Sources www.cubasi.cu &#8221; <\/em><\/p>\n<p><em> &#8221; Fuentes www.cubasi.cu &#8221; <\/em><\/p>\n","protected":false},"excerpt":{"rendered":"<p>Tendencias del turismo: La b\u00fasqueda de nuevas experiencias en Europa y el Caribe En un contexto global donde la movilidad ha sido afectada por diversas circunstancias, miles de viajeros est\u00e1n reconfigurando sus destinos de viaje, orient\u00e1ndose hacia Europa y el Caribe en detrimento de los Estados Unidos. Este fen\u00f3meno ha despertado el inter\u00e9s de expertos [&hellip;]<\/p>\n","protected":false},"author":4,"featured_media":957974,"comment_status":"open","ping_status":"closed","sticky":false,"template":"","format":"standard","meta":{"om_disable_all_campaigns":false,"jnews-multi-image_gallery":[],"jnews_single_post":[],"jnews_primary_category":[],"jnews_social_meta":[],"footnotes":""},"categories":[39],"tags":[5904,1736,1363,1653,544,5259,545],"class_list":["post-958493","post","type-post","status-publish","format-standard","has-post-thumbnail","hentry","category-viajes","tag-cancelaciones","tag-caribe","tag-estados-unidos","tag-europa","tag-turismo","tag-turismo-internacional","tag-viajes"],"_links":{"self":[{"href":"https:\/\/dimensionturistica.com\/es\/wp-json\/wp\/v2\/posts\/958493","targetHints":{"allow":["GET"]}}],"collection":[{"href":"https:\/\/dimensionturistica.com\/es\/wp-json\/wp\/v2\/posts"}],"about":[{"href":"https:\/\/dimensionturistica.com\/es\/wp-json\/wp\/v2\/types\/post"}],"author":[{"embeddable":true,"href":"https:\/\/dimensionturistica.com\/es\/wp-json\/wp\/v2\/users\/4"}],"replies":[{"embeddable":true,"href":"https:\/\/dimensionturistica.com\/es\/wp-json\/wp\/v2\/comments?post=958493"}],"version-history":[{"count":0,"href":"https:\/\/dimensionturistica.com\/es\/wp-json\/wp\/v2\/posts\/958493\/revisions"}],"wp:featuredmedia":[{"embeddable":true,"href":"https:\/\/dimensionturistica.com\/es\/wp-json\/wp\/v2\/media\/957974"}],"wp:attachment":[{"href":"https:\/\/dimensionturistica.com\/es\/wp-json\/wp\/v2\/media?parent=958493"}],"wp:term":[{"taxonomy":"category","embeddable":true,"href":"https:\/\/dimensionturistica.com\/es\/wp-json\/wp\/v2\/categories?post=958493"},{"taxonomy":"post_tag","embeddable":true,"href":"https:\/\/dimensionturistica.com\/es\/wp-json\/wp\/v2\/tags?post=958493"}],"curies":[{"name":"wp","href":"https:\/\/api.w.org\/{rel}","templated":true}]}}