{"id":957990,"date":"2025-04-08T15:40:21","date_gmt":"2025-04-08T15:40:21","guid":{"rendered":"https:\/\/dimensionturistica.com\/es\/?p=957990"},"modified":"2025-04-08T15:40:21","modified_gmt":"2025-04-08T15:40:21","slug":"coleccion-otono-2025-lista-para-usar-de-danielle-frankel","status":"publish","type":"post","link":"https:\/\/dimensionturistica.com\/es\/coleccion-otono-2025-lista-para-usar-de-danielle-frankel\/","title":{"rendered":"Colecci\u00f3n Oto\u00f1o 2025 Lista para Usar de Danielle Frankel"},"content":{"rendered":"<p><strong>Descubriendo la Moda: La Colecci\u00f3n Oto\u00f1o 2025 de Danielle Frankel<\/strong><\/p>\n<p>En el fascinante universo de la moda, las pasarelas no solo se convierten en escaparates de tendencias, sino en reflejos de la cultura y la identidad contempor\u00e1neas. Un ejemplo asombroso de esta sinergia se presenta en la colecci\u00f3n de Oto\u00f1o 2025 de Danielle Frankel, que va m\u00e1s all\u00e1 de las prendas, sumergi\u00e9ndonos en una narrativa visual que invita a la reflexi\u00f3n.<\/p>\n<p>La colecci\u00f3n se caracteriza por una paleta de colores sobria pero conmovedora, donde los tonos terrosos y los matices suaves se entrelazan con la elegancia de formas estructuradas y fluidas. Cada pieza parece contar una historia, fusionando la sofisticaci\u00f3n con un aire de juventud que resuena con la vida moderna. Frankel, cuyo enfoque en la modernidad se manifiesta en cada costura, centra su atenci\u00f3n en la versatilidad: la idea de que cada prenda puede adaptarse a m\u00faltiples contextos y ocasiones es una de las piedras angulares de su dise\u00f1o.<\/p>\n<p>Uno de los aspectos m\u00e1s destacados de la colecci\u00f3n es la manera en la que celebra la individualidad. A trav\u00e9s de cortes innovadores y detalles inesperados, invita a cada persona a encontrar su propia interpretaci\u00f3n del estilo. Las capas y los drapeados aportan un aire de movimiento, evocando un sentido de libertad que contrasta bellamente con la rigidez del entorno urbano. Este enfoque no solo redefine el concepto de vestimenta, sino que promueve una filosof\u00eda de autodescubrimiento en el acto de vestirse.<\/p>\n<p>Inspir\u00e1ndose en elementos de la naturaleza y en la arquitectura del cotidiano, la colecci\u00f3n se convierte en un viaje visual por la esencia de un mundo contempor\u00e1neo que busca el equilibrio entre la funcionalidad y la est\u00e9tica. Cada prenda parece invitar al espectador a sumergirse en un paisaje donde la moda se convierte en medio de expresi\u00f3n personal, trascendiendo las tendencias ef\u00edmeras.<\/p>\n<p>Adem\u00e1s, la utilizaci\u00f3n de textiles innovadores y sostenibles marca un paso significativo hacia un futuro m\u00e1s consciente en la industria de la moda. Este compromiso con la sostenibilidad no solo es un grito de batalla, sino una promesa a la pr\u00f3xima generaci\u00f3n: un llamado a ser responsables en la forma en que consumimos y creamos. Al incorporar materiales que minimizan el impacto ambiental, la colecci\u00f3n de Frankel establece un nuevo est\u00e1ndar en la moda responsable y \u00e9tica.<\/p>\n<p>La puesta en escena del desfile, meticulosamente dise\u00f1ada, tambi\u00e9n juega un papel crucial en la narrativa de la colecci\u00f3n. El ambiente cuidadosamente curado complementa las prendas, creando una experiencia multisensorial que atrapa al espectador desde el primer vistazo. Aqu\u00ed, cada detalle cuenta, desde la iluminaci\u00f3n hasta la m\u00fasica, que, junto a las piezas en movimiento, convierten la pasarela en un espacio para el arte.<\/p>\n<p>La colecci\u00f3n Oto\u00f1o 2025 de Danielle Frankel es un testimonio de c\u00f3mo la moda puede ser una forma de arte que refleja la complejidad de nuestra existencia. Sus innovaciones, tanto en dise\u00f1o como en sostenibilidad, invitan a los amantes de la moda a cuestionar y redescubrir su relaci\u00f3n con la vestimenta. En un mundo que a menudo parece apresurado, Frankel nos recuerda que cada prenda puede ser una invitaci\u00f3n a la contemplaci\u00f3n, a la individualidad y, sobre todo, a la conexi\u00f3n entre uno mismo y los dem\u00e1s.<\/p>\n<p>As\u00ed, la moda no es solo un acto de vestir, sino una expresi\u00f3n profunda de qui\u00e9nes somos y c\u00f3mo elegimos presentarnos al mundo. A medida que nos aventuramos en el cautivador universo de la moda, Danielle Frankel nos gu\u00eda a trav\u00e9s de un camino que invita a la reflexi\u00f3n sobre la belleza, la identidad y el impacto de nuestras elecciones. \u00a1Un viaje que promete no solo deslumbrar, sino tambi\u00e9n inspirar!<\/p>\n<p><em> &#8221; Sources www.vogue.com &#8221; <\/em><\/p>\n<p><em> &#8221; Fuentes www.vogue.com &#8221; <\/em><\/p>\n","protected":false},"excerpt":{"rendered":"<p>Descubriendo la Moda: La Colecci\u00f3n Oto\u00f1o 2025 de Danielle Frankel En el fascinante universo de la moda, las pasarelas no solo se convierten en escaparates de tendencias, sino en reflejos de la cultura y la identidad contempor\u00e1neas. Un ejemplo asombroso de esta sinergia se presenta en la colecci\u00f3n de Oto\u00f1o 2025 de Danielle Frankel, que [&hellip;]<\/p>\n","protected":false},"author":4,"featured_media":957991,"comment_status":"open","ping_status":"closed","sticky":false,"template":"","format":"standard","meta":{"om_disable_all_campaigns":false,"jnews-multi-image_gallery":[],"jnews_single_post":[],"jnews_primary_category":[],"jnews_social_meta":[],"footnotes":""},"categories":[144872],"tags":[218012,202779,203747,202046,198550,160469,94447,200339,372,6194,202048],"class_list":["post-957990","post","type-post","status-publish","format-standard","has-post-thumbnail","hentry","category-fashion","tag-danielle-frankel","tag-fall-2025","tag-fall-2025-ready-to-wear","tag-fashion-collection","tag-fashion-design","tag-ready-to-wear","tag-runway","tag-runway_review","tag-style","tag-trends","tag-womenswear"],"_links":{"self":[{"href":"https:\/\/dimensionturistica.com\/es\/wp-json\/wp\/v2\/posts\/957990","targetHints":{"allow":["GET"]}}],"collection":[{"href":"https:\/\/dimensionturistica.com\/es\/wp-json\/wp\/v2\/posts"}],"about":[{"href":"https:\/\/dimensionturistica.com\/es\/wp-json\/wp\/v2\/types\/post"}],"author":[{"embeddable":true,"href":"https:\/\/dimensionturistica.com\/es\/wp-json\/wp\/v2\/users\/4"}],"replies":[{"embeddable":true,"href":"https:\/\/dimensionturistica.com\/es\/wp-json\/wp\/v2\/comments?post=957990"}],"version-history":[{"count":0,"href":"https:\/\/dimensionturistica.com\/es\/wp-json\/wp\/v2\/posts\/957990\/revisions"}],"wp:featuredmedia":[{"embeddable":true,"href":"https:\/\/dimensionturistica.com\/es\/wp-json\/wp\/v2\/media\/957991"}],"wp:attachment":[{"href":"https:\/\/dimensionturistica.com\/es\/wp-json\/wp\/v2\/media?parent=957990"}],"wp:term":[{"taxonomy":"category","embeddable":true,"href":"https:\/\/dimensionturistica.com\/es\/wp-json\/wp\/v2\/categories?post=957990"},{"taxonomy":"post_tag","embeddable":true,"href":"https:\/\/dimensionturistica.com\/es\/wp-json\/wp\/v2\/tags?post=957990"}],"curies":[{"name":"wp","href":"https:\/\/api.w.org\/{rel}","templated":true}]}}