{"id":957472,"date":"2025-04-07T20:17:05","date_gmt":"2025-04-07T20:17:05","guid":{"rendered":"https:\/\/dimensionturistica.com\/es\/?p=957472"},"modified":"2025-04-07T20:17:05","modified_gmt":"2025-04-07T20:17:05","slug":"preven-desaceleracion-en-el-sector-turistico-de-belice","status":"publish","type":"post","link":"https:\/\/dimensionturistica.com\/es\/preven-desaceleracion-en-el-sector-turistico-de-belice\/","title":{"rendered":"Prev\u00e9n desaceleraci\u00f3n en el sector tur\u00edstico de Belice"},"content":{"rendered":"<p><strong>Belice: Un Destino en Tiempos de Cambio<\/strong><\/p>\n<p>En la encrucijada del Caribe y Centroam\u00e9rica, Belice ha sido durante mucho tiempo un atractivo tur\u00edstico por su impresionante biodiversidad, sus impresionantes arrecifes de coral y su cultura rica y variada. Sin embargo, la industria tur\u00edstica del pa\u00eds se enfrenta actualmente a desaf\u00edos significativos que podr\u00edan afectar su crecimiento esperado.<\/p>\n<p>Los pron\u00f3sticos sugieren que las proyecciones de turismo para Belice pueden experimentar una desaceleraci\u00f3n. Esta situaci\u00f3n es preocupante, especialmente dado que la naci\u00f3n caribe\u00f1a hab\u00eda comenzado a recuperarse de los efectos devastadores de la pandemia. Las reservas que anteriormente mostraban una tendencia ascendente ahora indican una posible contracci\u00f3n, lo que plantea interrogantes sobre el futuro del turismo en la regi\u00f3n.<\/p>\n<p>Uno de los factores que est\u00e1 influyendo en esta nueva realidad es el aumento de la inflaci\u00f3n y los costos de vida, lo que podr\u00eda hacer que las vacaciones en Belice resulten menos accesibles para los turistas. Adem\u00e1s, las condiciones clim\u00e1ticas cambiantes y los eventos extremos tambi\u00e9n han despertado la preocupaci\u00f3n, ya que la sostenibilidad del entorno natural es fundamental para la industria tur\u00edstica. La combinaci\u00f3n de estos factores podr\u00eda impactar la decisi\u00f3n de los viajeros a la hora de elegir su pr\u00f3ximo destino.<\/p>\n<p>A pesar de estos desaf\u00edos, Belice sigue siendo un lugar inigualable que ofrece un sinf\u00edn de experiencias. Desde explorar antiguas ruinas mayas hasta nadar entre tiburones en las aguas cristalinas del Blue Hole, el pa\u00eds cuenta con un patrimonio natural y cultural que sigue siendo irresistible. Los entusiastas del ecoturismo encontrar\u00e1n numerosas oportunidades para conectarse con la naturaleza, desde excursiones por sus exuberantes selvas hasta caminatas a trav\u00e9s de sus parques nacionales y reservas.<\/p>\n<p>Para conservar el atractivo de Belice, es crucial que las autoridades locales y los operadores tur\u00edsticos adapten sus estrategias. Impulsar el turismo sostenible, mejorar la infraestructura y diversificar la oferta tur\u00edstica son pasos necesarios para atraer a los visitantes. Las iniciativas para promover la cultura local, la gastronom\u00eda y los artesan\u00edas tambi\u00e9n pueden jugar un papel fundamental en la revitalizaci\u00f3n del sector.<\/p>\n<p>As\u00ed, mientras el futuro de la industria tur\u00edstica en Belice enfrenta incertidumbres, la esencia del pa\u00eds sigue brillando. Belice ofrece una experiencia \u00fanica que invita a los viajeros a sumergirse en un escenario donde la naturaleza y la cultura convergen de manera espectacular. Los aficionados a la aventura, la historia, y la biodiversidad encontrar\u00e1n en cada rinc\u00f3n de este para\u00edso tropical una raz\u00f3n para visitarlo y volver a descubrirlo. Manteniendo la esperanza de que los desaf\u00edos actuales sirvan como un impulso para la renovaci\u00f3n y la reinvenci\u00f3n, Belice puede emerger a\u00fan m\u00e1s fuerte, listo para recibir a aquellos que buscan un escape inolvidable.<\/p>\n<p><em> &#8221; Sources www.prensa-latina.cu &#8221; <\/em><\/p>\n<p><em> &#8221; Sources www.prensa-latina.cu &#8221; <\/em><\/p>\n","protected":false},"excerpt":{"rendered":"<p>Belice: Un Destino en Tiempos de Cambio En la encrucijada del Caribe y Centroam\u00e9rica, Belice ha sido durante mucho tiempo un atractivo tur\u00edstico por su impresionante biodiversidad, sus impresionantes arrecifes de coral y su cultura rica y variada. Sin embargo, la industria tur\u00edstica del pa\u00eds se enfrenta actualmente a desaf\u00edos significativos que podr\u00edan afectar su [&hellip;]<\/p>\n","protected":false},"author":4,"featured_media":957473,"comment_status":"open","ping_status":"closed","sticky":false,"template":"","format":"standard","meta":{"om_disable_all_campaigns":false,"jnews-multi-image_gallery":[],"jnews_single_post":[],"jnews_primary_category":[],"jnews_social_meta":[],"footnotes":""},"categories":[40],"tags":[66060,18040,20516,715,1296,35201,14916,544,1075,545],"class_list":["post-957472","post","type-post","status-publish","format-standard","has-post-thumbnail","hentry","category-industria","tag-aranceles","tag-belice","tag-desarrollo-sostenible","tag-economia","tag-industria-turistica","tag-nota-informativa","tag-pronostico","tag-turismo","tag-turismo-sostenible","tag-viajes"],"_links":{"self":[{"href":"https:\/\/dimensionturistica.com\/es\/wp-json\/wp\/v2\/posts\/957472","targetHints":{"allow":["GET"]}}],"collection":[{"href":"https:\/\/dimensionturistica.com\/es\/wp-json\/wp\/v2\/posts"}],"about":[{"href":"https:\/\/dimensionturistica.com\/es\/wp-json\/wp\/v2\/types\/post"}],"author":[{"embeddable":true,"href":"https:\/\/dimensionturistica.com\/es\/wp-json\/wp\/v2\/users\/4"}],"replies":[{"embeddable":true,"href":"https:\/\/dimensionturistica.com\/es\/wp-json\/wp\/v2\/comments?post=957472"}],"version-history":[{"count":0,"href":"https:\/\/dimensionturistica.com\/es\/wp-json\/wp\/v2\/posts\/957472\/revisions"}],"wp:featuredmedia":[{"embeddable":true,"href":"https:\/\/dimensionturistica.com\/es\/wp-json\/wp\/v2\/media\/957473"}],"wp:attachment":[{"href":"https:\/\/dimensionturistica.com\/es\/wp-json\/wp\/v2\/media?parent=957472"}],"wp:term":[{"taxonomy":"category","embeddable":true,"href":"https:\/\/dimensionturistica.com\/es\/wp-json\/wp\/v2\/categories?post=957472"},{"taxonomy":"post_tag","embeddable":true,"href":"https:\/\/dimensionturistica.com\/es\/wp-json\/wp\/v2\/tags?post=957472"}],"curies":[{"name":"wp","href":"https:\/\/api.w.org\/{rel}","templated":true}]}}