{"id":95744,"date":"2021-03-14T16:46:06","date_gmt":"2021-03-14T16:46:06","guid":{"rendered":"https:\/\/dimensionturistica.com\/es\/?p=95744"},"modified":"2021-03-14T16:46:06","modified_gmt":"2021-03-14T16:46:06","slug":"el-leipzig-se-baja-del-tren-de-la-bundesliga","status":"publish","type":"post","link":"https:\/\/dimensionturistica.com\/es\/el-leipzig-se-baja-del-tren-de-la-bundesliga\/","title":{"rendered":"El Leipzig se baja del tren de la Bundesliga"},"content":{"rendered":"<p> <br \/>\n<\/p>\n<div id=\"cuerpo_noticia\">\n<p>Celebr\u00f3 el Bayern de M\u00fanich un empate a uno entre RB Leipzig y Eintracht Frankfurt que vuelve a te\u00f1ir la Bundesliga de rojo. No fueron capaces los pupilos de Julian Nagelsmann de mantener los tres puntos en casa ante una de las revelaciones de la m\u00e1xima competici\u00f3n alemana y, de esta manera, volvieron a despedirse de la lucha por la ensaladera. <strong>Las tablas ante las \u00e1guilas permiten que el Bayern, una vez m\u00e1s, se aleje en la clasificaci\u00f3n y ponga rumbo de crucero hacia la que ser\u00eda su novena ensaladera consecutiva.<\/strong> A falta de nueve jornadas para el remaining, la diferencia de puntos con respecto al Leipzig en segunda posici\u00f3n ya es de cuatro.<\/p>\n<p>Sin Dani Olmo en el as soon as (Angeli\u00f1o sigue lesionado), los germanorientales se hicieron con el management del choque en los compases iniciales y no tardaron en poner a prueba a Trapp en el marco rival. Kluivert se qued\u00f3 solo ante el guardameta, que logr\u00f3 desviar el disparo del ariete holand\u00e9s con la pierna. Providencial. Despu\u00e9s de un cuarto de hora<strong>, los hessianos despertaron y vieron c\u00f3mo Upamecano en la zaga rival tuvo que retirarse lesionado, eso s\u00ed, siguieron sin llegar con peligro a la meta protegida por Gulacsi.<\/strong> Fue un duelo intenso entre el Leipzig y el Eintracht, sobre todo en el centro del campo. Sin embargo, la actividad en las \u00e1reas fue escasa.<\/p>\n<p>La cosa cambi\u00f3 de golpe en el segundo per\u00edodo. <strong>Trapp no pudo atrapar un potente disparo de Kluivert, el rechace cay\u00f3 a Forsberg y el internacional sueco no perdon\u00f3, clavando el cuero en la escuadra.<\/strong> Los de H\u00fctter supieron reaccionar al cuarto de gracias a un centro de Andr\u00e9 Silva que Kamada materializ\u00f3, dando inicio a 30 minutos de constantes idas y venidas. Poulsen y Forsberg estuvieron a punto de volver a decantar la balanza a favor del Leipzig, pero la m\u00e1s clara la tuvo en sus botas el reci\u00e9n ingresado Jovic<strong>. El zurdazo del cedido madridista se march\u00f3 fuera por poco.<\/strong> Bast\u00f3 para, de momento, volver a borrar al Leipzig de la lucha por la Bundesliga.<\/p>\n<p>\u00a0<\/p>\n<div class=\"ev-wr-double\">\n<div class=\"ev-unit\">\n<div class=\"ev-main\">\n<div class=\"ev-text\">\n<div class=\"ev-fw-wr\">\n<p class=\"stat-tl ev-fw-tl\"><strong>Cambios<\/strong><\/p>\n<p class=\"ev-text-aux\"><strong>Lukas Klostermann<\/strong> (27&#8242;, Dayotchanculle Upamecano), <strong>Jovic<\/strong> (71&#8242;, Andr\u00e9 Silva), <strong>Aymane Barkok<\/strong> (71&#8242;, Younes), <strong>Nkunku<\/strong> (74&#8242;, Yussuf Poulsen), <strong>Dani Olmo<\/strong> (74&#8242;, Justin Kluivert), <strong>Ragnar Ache<\/strong> (80&#8242;, Daichi Kamada), <strong>Hwang Hee-Chan<\/strong> (84&#8242;, Forsberg), <strong>Tyler Adams<\/strong> (85&#8242;, Amadou Haidara)<\/p>\n<\/div>\n<div class=\"ev-fw-wr\">\n<p class=\"stat-tl ev-fw-tl\"><strong>Goles<\/strong><\/p>\n<p class=\"ev-text-aux\">1-0, 45&#8242;: <strong>Forsberg<\/strong>, 1-1, 60&#8242;: <strong>Daichi Kamada<\/strong><\/p>\n<\/div>\n<div class=\"ev-fw-wr\">\n<p class=\"stat-tl ev-fw-tl\"><strong>Tarjetas<\/strong><\/p>\n<p class=\"ev-text-aux\">Arbitro: Felix Zwayer<br \/>Arbitro VAR: Markus Schmidt<br \/><strong>Younes<\/strong> (14&#8242;,Amarilla) <strong>Justin Kluivert<\/strong> (43&#8242;,Amarilla) <strong>Obite Ndicka<\/strong> (48&#8242;,Amarilla) <strong>Tuta<\/strong> (68&#8242;,Amarilla) <strong>Nordi Mukiele<\/strong> (92&#8242;,Amarilla<\/p>\n<\/div>\n<\/div>\n<\/div>\n<\/div>\n<\/div>\n<\/div>\n\n<p><em> &#8221; Fuentes as.com &#8221; <\/em><\/p>\n","protected":false},"excerpt":{"rendered":"<p>Celebr\u00f3 el Bayern de M\u00fanich un empate a uno entre RB Leipzig y Eintracht Frankfurt que vuelve a te\u00f1ir la Bundesliga de rojo. No fueron capaces los pupilos de Julian Nagelsmann de mantener los tres puntos en casa ante una de las revelaciones de la m\u00e1xima competici\u00f3n alemana y, de esta manera, volvieron a despedirse [&hellip;]<\/p>\n","protected":false},"author":4,"featured_media":95745,"comment_status":"open","ping_status":"closed","sticky":false,"template":"","format":"standard","meta":{"om_disable_all_campaigns":false,"jnews-multi-image_gallery":[],"jnews_single_post":[],"jnews_primary_category":[],"jnews_social_meta":[],"footnotes":""},"categories":[41],"tags":[],"class_list":["post-95744","post","type-post","status-publish","format-standard","has-post-thumbnail","hentry","category-cruceros"],"_links":{"self":[{"href":"https:\/\/dimensionturistica.com\/es\/wp-json\/wp\/v2\/posts\/95744","targetHints":{"allow":["GET"]}}],"collection":[{"href":"https:\/\/dimensionturistica.com\/es\/wp-json\/wp\/v2\/posts"}],"about":[{"href":"https:\/\/dimensionturistica.com\/es\/wp-json\/wp\/v2\/types\/post"}],"author":[{"embeddable":true,"href":"https:\/\/dimensionturistica.com\/es\/wp-json\/wp\/v2\/users\/4"}],"replies":[{"embeddable":true,"href":"https:\/\/dimensionturistica.com\/es\/wp-json\/wp\/v2\/comments?post=95744"}],"version-history":[{"count":0,"href":"https:\/\/dimensionturistica.com\/es\/wp-json\/wp\/v2\/posts\/95744\/revisions"}],"wp:featuredmedia":[{"embeddable":true,"href":"https:\/\/dimensionturistica.com\/es\/wp-json\/wp\/v2\/media\/95745"}],"wp:attachment":[{"href":"https:\/\/dimensionturistica.com\/es\/wp-json\/wp\/v2\/media?parent=95744"}],"wp:term":[{"taxonomy":"category","embeddable":true,"href":"https:\/\/dimensionturistica.com\/es\/wp-json\/wp\/v2\/categories?post=95744"},{"taxonomy":"post_tag","embeddable":true,"href":"https:\/\/dimensionturistica.com\/es\/wp-json\/wp\/v2\/tags?post=95744"}],"curies":[{"name":"wp","href":"https:\/\/api.w.org\/{rel}","templated":true}]}}