{"id":95679,"date":"2021-03-14T13:16:37","date_gmt":"2021-03-14T13:16:37","guid":{"rendered":"https:\/\/dimensionturistica.com\/es\/?p=95679"},"modified":"2021-03-14T13:16:37","modified_gmt":"2021-03-14T13:16:37","slug":"de-albergue-y-pension-deportiva-a-campamento-sanitario","status":"publish","type":"post","link":"https:\/\/dimensionturistica.com\/es\/de-albergue-y-pension-deportiva-a-campamento-sanitario\/","title":{"rendered":"De albergue y pensi\u00f3n deportiva a campamento sanitario"},"content":{"rendered":"<p> <br \/>\n<\/p>\n<p>\n<span class=\"fecha\">domingo 14 de marzo de 2021 | 6:05hs.<\/span>\n<\/p>\n<div>\n<p>Crucero del Norte fue otro de los tantos clubes involucrados en la causa. Aprovechando la inmensidad del predio en Santa In\u00e9s, la dirigencia dio luz verde para levantar un campamento sanitario en el complejo.<\/p>\n<p>Siendo m\u00e1s precisos, la instituci\u00f3n prest\u00f3 sus caba\u00f1as y el albergue de jugadores para el aislamiento de personas en una etapa de la pandemia donde todo period miedo e incertidumbre.<\/p>\n<p>\u201cEl virus nos tom\u00f3 por sorpresa a todos. Cuando empez\u00f3 la pandemia, a mediados de marzo del 2020m se suspendi\u00f3 el torneo Federal A de f\u00fatbol y se pararon los entrenamientos de las distintas categor\u00edas. Nosotros, como un gesto, en conjunto con Gerardo Nietzsche (en ese momento presidente del club) y Julio Koropeski, decidimos poner nuestras instalaciones a disposici\u00f3n en el caso de que el Ministerio de Salud de la provincia lo necesitara\u201d, inici\u00f3 el di\u00e1logo con El Territorio el precise titular interino de la instituci\u00f3n, Dardo Romero.<\/p>\n<p>El complejo de Crucero cuenta con diez caba\u00f1as de distintas capacidades (para seis, cinco y cuatro personas) y un albergue para 70 personas (siete habitaciones) ubicado debajo de las plateas del estadio Andr\u00e9s Guacurar\u00ed, suficientes para cumplir con las expectativas de las autoridades provinciales. La pensi\u00f3n inaugurada en julio de 2019, destinada a la estad\u00eda de los chicos de inferiores, tambi\u00e9n fue involucrada en la causa.<\/p>\n<p>\u201cLas caba\u00f1as se utilizaron desde abril hasta principios de diciembre. Cuando estaban ocupadas en su totalidad, entonces se recurr\u00eda al albergue\u201d, remarc\u00f3 Romero. \u201cCircularon entre 200 y 250 personas por mes; todos los que ingresaban por el Paraje Centinela y que no eran de la provincia hac\u00edan la cuarentena en el club o se aislaban en el caso de estar infectados. Tambi\u00e9n se alberg\u00f3 a gente que ven\u00eda de Paraguay\u201d, agreg\u00f3.<\/p>\n<p>\u201cLa cuarentena en un principio era obligatoria, por lo que las caba\u00f1as siempre estaban al tope. M\u00e1s adelante empezaron a circular los casos positivos y los aislados abarcaron m\u00e1s espacio\u201d.<\/p>\n<p>\u201cEn cuanto a la log\u00edstica, Crucero trabaj\u00f3 en conjunto con el gobierno provincial. El Ministerio de Salud capacit\u00f3 a todo el personal del club involucrado en la cuesti\u00f3n; ten\u00edamos un grupo de siete personas que se turnaron cada ocho horas. Adem\u00e1s, el personal de salud provincial colabor\u00f3 con la limpieza y las necesidades del momento. Tambi\u00e9n la polic\u00eda de Misiones control\u00f3 el ingreso y egreso de las personas&#8230;fue un esfuerzo en conjunto para tratar de palear la situaci\u00f3n\u201d.\u00a0 sigui\u00f3 Romero.<\/p>\n<p>\u201cEn \u00e9pocas de crisis, la solidaridad es clave y nosotros tuvimos la oportunidad de que nos iluminaran para ponernos a disposici\u00f3n, eso le hace bien a la gente del club que les dio una mano a todos los misioneros\u201d.<\/p>\n<p>\u201cLa provincia se manej\u00f3 muy bien con los cuidados en pandemia y por suerte hemos tenido un reconocimiento a ese gesto, algo que es valorable\u201d.<\/p>\n<p>\u201cNos pusimos a disposici\u00f3n para un eventual vacunatorio, pero las autoridades necesitan lugares techados por cuesti\u00f3n del clima. Tambi\u00e9n estamos programando eventos solidarios a futuro porque en nuestra agenda buscamos ayudar, estar cerca de la gente y darle una mano\u201d, asegur\u00f3 Dardo.<\/p>\n<p><strong>Deporte y educaci\u00f3n<\/strong><\/p>\n<p>El Colectivero tambi\u00e9n se aventur\u00f3 a otras iniciativas para destacar. Aprovechando el parate in\u00e9dito y con el objetivo de reclutar promesas del f\u00fatbol misionero, se desarroll\u00f3 a finales del a\u00f1o pasado el programa de Talentos Misioneros.<\/p>\n<p>\u201cDur\u00f3 tres meses (de octubre a diciembre). La idea era darles la oportunidad a los j\u00f3venes para que participen en el Federal A&#8230;recorrimos alrededor de 50 localidades de la provincia\u201d, asever\u00f3 el tambi\u00e9n supervisor del membership.<\/p>\n<p>\u201cEcon\u00f3micamente estamos todos muy golpeados. Para trasladar un grupo de personas cuesta mucho y en ese momento buscamos la forma de acercarnos nosotros\u201d, acot\u00f3.<\/p>\n<p>El resultado de esa maniobra, que busc\u00f3 alentar a un deporte disminuido por la cuarentena, fue la incorporaci\u00f3n de ocho j\u00f3venes locales al plantel profesional: Juan Mendoza, de Puerto Piray (arquero-23 a\u00f1os); Isaac Campos, de Iguaz\u00fa (defensor-19 a\u00f1os); Santino Ruiz D\u00edaz, de Posadas (defensor, marcador central-18 a\u00f1os); Brian Roque, de Leandro N. Alem (marcador central-20 a\u00f1os); Gabriel Br\u00edtez, de Posadas (lateral izquierdo-18 a\u00f1os); Nicol\u00e1s Ferreira, de Yacutinga (mediocampista-20 a\u00f1os); Joaqu\u00edn D\u00edaz Chaves, de El Soberbio (delantero-19 a\u00f1os); y Rodrigo Barreto, de Posadas (delantero-19 a\u00f1os).<\/p>\n<p>Finalmente, y como \u00faltimo punto en esta recorrida, Crucero tambi\u00e9n dej\u00f3 inaugurado el pasado martes su instituto de estudios con orientaci\u00f3n a la educaci\u00f3n f\u00edsica.<\/p>\n<p>\u201cEl Instituto Crucero del Norte es un objetivo que ven\u00edamos trabajando hace dos a\u00f1os, es el mayor logro del club, m\u00e1s all\u00e1 de los t\u00edtulos deportivos. Es fundamental porque nos va a dar dos valores importantes en la formaci\u00f3n de un chico: la educaci\u00f3n y el deporte\u201d. cerr\u00f3 Romero.<\/p>\n<p>\u00a0<\/p>\n<p><strong>Informe de domingo<\/strong><\/p>\n<p><a rel=\"nofollow noopener\" target=\"_blank\" class=\"list-group-item\" href=\"https:\/\/www.elterritorio.com.ar\/noticias\/2021\/03\/14\/696226-la-solidaridad-no-se-negocia\"> <strong>La solidaridad no se negocia<\/strong><\/a><\/p>\n<p><a rel=\"nofollow noopener\" target=\"_blank\" class=\"list-group-item\" href=\"https:\/\/www.elterritorio.com.ar\/noticias\/2021\/03\/14\/696227-los-polideportivos-pasaron-de-los-deportes-a-las-vacunas\"> <strong>Los polideportivos pasaron de los deportes a las vacunas<\/strong><\/a><\/p>\n<p><a rel=\"nofollow noopener\" target=\"_blank\" class=\"list-group-item\" href=\"https:\/\/www.elterritorio.com.ar\/noticias\/2021\/03\/14\/696228-los-eventos-como-motor-de-las-campanas-de-vacunacion\"> <strong>Los eventos, como motor de las campa\u00f1as de vacunaci\u00f3n<\/strong><\/a><\/p>\n<p><a rel=\"nofollow noopener\" target=\"_blank\" class=\"list-group-item\" href=\"https:\/\/www.elterritorio.com.ar\/noticias\/2021\/03\/14\/696230-de-albergue-y-pension-deportiva-a-campamento-sanitario\"> <strong>De albergue y pensi\u00f3n deportiva a campamento sanitario<\/strong><\/a><\/p>\n<p><a rel=\"nofollow noopener\" target=\"_blank\" class=\"list-group-item\" href=\"https:\/\/www.elterritorio.com.ar\/noticias\/2021\/03\/14\/696231-la-posibilidad-de-reinventarse-y-ayudar-a-la-comunidad\"> <strong>La posibilidad de reinventarse y ayudar a la comunidad<\/strong><\/a><\/p>\n<p><a rel=\"nofollow noopener\" target=\"_blank\" class=\"list-group-item\" href=\"https:\/\/www.elterritorio.com.ar\/noticias\/2021\/03\/14\/696232-los-monos-en-accion-realizaron-un-scrum-solidario-en-eldorado\"> <strong>Los Monos en Acci\u00f3n realizaron un scrum solidario en Eldorado<\/strong><\/a><\/p>\n<p><a rel=\"nofollow noopener\" target=\"_blank\" class=\"list-group-item\" href=\"https:\/\/www.elterritorio.com.ar\/noticias\/2021\/03\/14\/696233-brindar-contencion-a-los-mas-chicos-el-objetivo-en-san-pedro\"> <strong>Brindar contenci\u00f3n a los m\u00e1s chicos, el objetivo en San Pedro<\/strong><\/a><\/p>\n<\/div>\n<p><script async type=\"3e85c071a8cf73908d7f0554-text\/javascript\">\n         function toogleSeachBar() {\n            if ($('#searchBar').is(\":visible\")) {\n               hideSearchBar();\n            } else {\n               showSearchBar();\n            }\n         }\n         function showSearchBar() {\n            $('#searchBar').show();\n            $('#menu, .header-scrolled-container, .header-scrolled-container2').hide();\n         }\n         function hideSearchBar() {\n            $('#searchBar').hide();\n            $('#menu, .header-scrolled-container, .header-scrolled-container2').show();\n         }\n            $(document).ready(function () {\n               setTimeout(() => {\n                  window.fbAsyncInit = function () {\n                     FB.init({\n                        appId: '345424459172777',\n                        autoLogAppEvents: true,\n                        xfbml: true,\n                        version: 'v8.0'\n                     });\n                  };\n                  (function (d, s, id) {\n                     var js, fjs = d.getElementsByTagName(s)[0];\n                     if (d.getElementById(id)) { return; }\n                     js = d.createElement(s); js.id = id;\n                     js.src = \"https:\/\/connect.facebook.net\/es_LA\/sdk.js\";\n                     fjs.parentNode.insertBefore(js, fjs);\n                  }(document, 'script', 'facebook-jssdk'));\n               }, 3000);\n            });\n      <\/script><br \/>\n<br \/><\/p>\n<p><em> &#8221; Fuentes www.elterritorio.com.ar &#8221; <\/em><\/p>\n","protected":false},"excerpt":{"rendered":"<p>domingo 14 de marzo de 2021 | 6:05hs. Crucero del Norte fue otro de los tantos clubes involucrados en la causa. Aprovechando la inmensidad del predio en Santa In\u00e9s, la dirigencia dio luz verde para levantar un campamento sanitario en el complejo. Siendo m\u00e1s precisos, la instituci\u00f3n prest\u00f3 sus caba\u00f1as y el albergue de jugadores [&hellip;]<\/p>\n","protected":false},"author":4,"featured_media":95680,"comment_status":"open","ping_status":"closed","sticky":false,"template":"","format":"standard","meta":{"om_disable_all_campaigns":false,"jnews-multi-image_gallery":[],"jnews_single_post":[],"jnews_primary_category":[],"jnews_social_meta":[],"footnotes":""},"categories":[41],"tags":[],"class_list":["post-95679","post","type-post","status-publish","format-standard","has-post-thumbnail","hentry","category-cruceros"],"_links":{"self":[{"href":"https:\/\/dimensionturistica.com\/es\/wp-json\/wp\/v2\/posts\/95679","targetHints":{"allow":["GET"]}}],"collection":[{"href":"https:\/\/dimensionturistica.com\/es\/wp-json\/wp\/v2\/posts"}],"about":[{"href":"https:\/\/dimensionturistica.com\/es\/wp-json\/wp\/v2\/types\/post"}],"author":[{"embeddable":true,"href":"https:\/\/dimensionturistica.com\/es\/wp-json\/wp\/v2\/users\/4"}],"replies":[{"embeddable":true,"href":"https:\/\/dimensionturistica.com\/es\/wp-json\/wp\/v2\/comments?post=95679"}],"version-history":[{"count":0,"href":"https:\/\/dimensionturistica.com\/es\/wp-json\/wp\/v2\/posts\/95679\/revisions"}],"wp:featuredmedia":[{"embeddable":true,"href":"https:\/\/dimensionturistica.com\/es\/wp-json\/wp\/v2\/media\/95680"}],"wp:attachment":[{"href":"https:\/\/dimensionturistica.com\/es\/wp-json\/wp\/v2\/media?parent=95679"}],"wp:term":[{"taxonomy":"category","embeddable":true,"href":"https:\/\/dimensionturistica.com\/es\/wp-json\/wp\/v2\/categories?post=95679"},{"taxonomy":"post_tag","embeddable":true,"href":"https:\/\/dimensionturistica.com\/es\/wp-json\/wp\/v2\/tags?post=95679"}],"curies":[{"name":"wp","href":"https:\/\/api.w.org\/{rel}","templated":true}]}}