{"id":95557,"date":"2021-03-14T02:39:55","date_gmt":"2021-03-14T02:39:55","guid":{"rendered":"https:\/\/dimensionturistica.com\/es\/?p=95557"},"modified":"2021-03-14T02:39:55","modified_gmt":"2021-03-14T02:39:55","slug":"la-jornada-documental-muestra-viaje-atormentado-del-mitico-jacques-brel","status":"publish","type":"post","link":"https:\/\/dimensionturistica.com\/es\/la-jornada-documental-muestra-viaje-atormentado-del-mitico-jacques-brel\/","title":{"rendered":"La Jornada &#8211; Documental muestra viaje &#8220;atormentado&#8221; del m\u00edtico Jacques Brel"},"content":{"rendered":"<p> <br \/>\n<\/p>\n<div id=\"content_nitf\">\n<p>Bruselas. Una pel\u00edcula sobre el legendario cantautor belga Jacques Brel, dirigida por su hija, arroja luz sobre un viaje en velero en el ocaso de su vida, un per\u00edodo &#8220;atormentado&#8221; del int\u00e9rprete de \u201cNe me quitte pas\u201d.<\/p>\n<p>El documental se concentra en el viaje que Brel, enfermo y atormentado, realiz\u00f3 en los a\u00f1os 1970 en el velero &#8220;Askoy&#8221;, del mar del Norte al oc\u00e9ano Pac\u00edfico, cuando pr\u00e1cticamente hab\u00eda desaparecido de la vida p\u00fablica.<\/p>\n<p>El desesperado viaje siempre represent\u00f3 un per\u00edodo casi desconocido en los \u00faltimos a\u00f1os de vida de Brel, quien falleci\u00f3 en Francia en 1978, a los 49 a\u00f1os de edad.<\/p>\n<p>La navegaci\u00f3n de Brel constituye el coraz\u00f3n del documental <em>Chronique d&#8217;une vie<\/em>, dirigido por France Brel, hija del legendario cantautor, que solamente se puede ver en un peque\u00f1o museo en Bruselas dedicado al \u00eddolo belga.<\/p>\n<p>Brel irrumpi\u00f3 en la escena musical a finales de la d\u00e9cada de 1950 y es recordado por sus sobrecogedoras canciones, como &#8220;Amsterdam&#8221;, &#8220;Au suivant&#8221; y &#8220;Ne me quitte pas&#8221;.<\/p>\n<p>Esta \u00faltima, su tema m\u00e1s conocido, ha sido versionada por innumerables artistas, desde Sting hasta Nina Simone.<\/p>\n<p>Pero &#8220;Ne me quitte pas&#8221; (no me dejes, en espa\u00f1ol) tambi\u00e9n puede servir como fondo musical de la relaci\u00f3n de Brel con B\u00e9lgica, pa\u00eds que abandon\u00f3 a\u00fan joven para alcanzar fama y fortuna en Par\u00eds, un camino seguido por muchos artistas belgas de habla francesa.<\/p>\n<h2>Escape suicida<\/h2>\n<p>Cuando se fue a Francia, Brel ten\u00eda apenas 24 a\u00f1os, y en Bruselas dej\u00f3 atr\u00e1s no solamente su aburrido trabajo en la f\u00e1brica de cartones que pertenec\u00eda a su padre, sino tambi\u00e9n a su esposa Th\u00e9r\u00e8se &#8220;Miche&#8221; Michielsen y dos hijas (una tercera hija nacer\u00eda m\u00e1s tarde).<\/p>\n<p>A partir de ese momento, Brel alcanz\u00f3 la fama en Par\u00eds mientras su familia segu\u00eda una vida regular en Bruselas.<\/p>\n<p>En 1974, sin embargo, Brel abandon\u00f3 las presentaciones en directo y ve\u00eda hundirse su sue\u00f1o de convertirse en una estrella de cine.<\/p>\n<p>Frustrado, Brel en julio de ese a\u00f1o zarp\u00f3 en su velero con su novia Maddly Bamy, una actriz franco-caribe\u00f1a que hab\u00eda conocido tres a\u00f1os antes en el set de la pel\u00edcula de Claude Lelouch &#8220;L&#8217;aventure c&#8217;est l&#8217;aventure&#8221;.<\/p>\n<p>En ese viaje, en el que pretend\u00eda dar la vuelta al mundo, Brel invit\u00f3 a una de sus hijas, que de esa forma ser\u00eda testigo de escenas clave en esta traves\u00eda.<\/p>\n<p>El plan promet\u00eda una aventura \u00fanica pero se vio constantemente interrumpido por viajes de retorno a Europa, incluyendo una visita a Suiza, donde los m\u00e9dicos le diagnosticaron el c\u00e1ncer de pulm\u00f3n que finalmente lo llevar\u00eda a la muerte.<\/p>\n<p>&#8220;Fue lo opuesto a un viaje tranquilo. Fue una forma de escape suicida&#8221;, dijo France a AFP al fin de una proyecci\u00f3n de su pel\u00edcula, en Bruselas. El documental muestra im\u00e1genes nunca vistas del m\u00fasico<\/p>\n<h2>Per\u00edodo atormentado<\/h2>\n<p>France, quien ten\u00eda 21 a\u00f1os en ese momento, esperaba que Bamy solo estuviera all\u00ed por un corto tiempo y ni siquiera excluy\u00f3 que su madre se uniera al viaje, un proyecto que nunca se materializ\u00f3.<\/p>\n<p>&#8220;No puedo verte arrastrando tus faldas en el &#8216;Askoy'&#8221;, le escribi\u00f3 Brel a su esposa en ese momento. La familia de Brel a\u00fan hoy considera que Bamy &#8220;se incrust\u00f3&#8221; a bordo.<\/p>\n<p>En enero de 1975 las cosas se desbordaron y durante una escala en Martinica, Brel se despidi\u00f3 de su hija y se fue a las islas Marquesas, en Polinesia, con Bamy.<\/p>\n<p>Casi cinco d\u00e9cadas despu\u00e9s, su hija no guarda rencor, a pesar de que s\u00f3lo volvi\u00f3 a ver a su padre una vez antes de que falleciera.<\/p>\n<p>France afirma que, cuando en 1974 descubre que tiene c\u00e1ncer de pulm\u00f3n, todo cambia para el cantautor.<\/p>\n<p>Su enfermedad y su falta de voluntad para aceptarla son un foco importante de la historia, que tambi\u00e9n est\u00e1 salpicada de an\u00e9cdotas pintorescas, como cuando Brel ingres\u00f3 con un nombre falso en el ala de maternidad de un conocido hospital de Bruselas.<\/p>\n<p>Bamy y su esposa Miche (quien muri\u00f3 en 2020) se turnar\u00edan junto a su lecho de enfermo.<\/p>\n<p>Seg\u00fan France, el prop\u00f3sito de la pel\u00edcula es capturar un momento controvertido en la vida de su padre que ha estado oculto durante mucho tiempo.<\/p>\n<p>&#8220;Quer\u00eda presentar a un hombre con todas sus debilidades y flaquezas, en un per\u00edodo profundamente atormentado&#8221;, dijo antes de una de las proyecciones.<\/p>\n<p>France Brel ha limitado la difusi\u00f3n del documental, a pesar de la inmensa notoriedad de su padre. Apenas est\u00e1 programada una proyecci\u00f3n por d\u00eda en la Fundaci\u00f3n Brel en Bruselas.<\/p>\n<\/div>\n<p><script>\n      !function(f,b,e,v,n,t,s)\n      {if(f.fbq)return;n=f.fbq=function(){n.callMethod?\n      n.callMethod.apply(n,arguments):n.queue.push(arguments)};\n      if(!f._fbq)f._fbq=n;n.push=n;n.loaded=!0;n.version='2.0';\n      n.queue=[];t=b.createElement(e);t.async=!0;\n      t.src=v;s=b.getElementsByTagName(e)[0];\n      s.parentNode.insertBefore(t,s)}(window, document,'script',\n      'https:\/\/connect.facebook.net\/en_US\/fbevents.js');\n      fbq('init', '133913093805922');\n      fbq('track', 'PageView');\n      fbq('track', 'Contact');\n      fbq('track', 'Donate');\n      fbq('track', 'FindLocation');\n      fbq('track', 'Lead');\n      fbq('track', 'Search');\n      fbq('track', 'Subscribe', {value: '0.00', currency: 'MXN', predicted_ltv: '0.00'});\n      fbq('track', 'ViewContent');\n    <\/script><script type=\"text\/javascript\">(function(d, s, id) {\n\t  var js, fjs = d.getElementsByTagName(s)[0];\n\t  if (d.getElementById(id)) return;\n\t  js = d.createElement(s); js.id = id;\n\t  js.src = \"https:\/\/connect.facebook.net\/es_LA\/sdk.js#xfbml=1&version=v3.3&appId=774389309362880\";\n\t  fjs.parentNode.insertBefore(js, fjs);\n\t}(document, 'script', 'facebook-jssdk'));<\/script><br \/>\n<br \/><\/p>\n<p><em> &#8221; Fuentes www.jornada.com.mx &#8221; <\/em><\/p>\n","protected":false},"excerpt":{"rendered":"<p>Bruselas. Una pel\u00edcula sobre el legendario cantautor belga Jacques Brel, dirigida por su hija, arroja luz sobre un viaje en velero en el ocaso de su vida, un per\u00edodo &#8220;atormentado&#8221; del int\u00e9rprete de \u201cNe me quitte pas\u201d. El documental se concentra en el viaje que Brel, enfermo y atormentado, realiz\u00f3 en los a\u00f1os 1970 en [&hellip;]<\/p>\n","protected":false},"author":4,"featured_media":95558,"comment_status":"open","ping_status":"closed","sticky":false,"template":"","format":"standard","meta":{"om_disable_all_campaigns":false,"jnews-multi-image_gallery":[],"jnews_single_post":[],"jnews_primary_category":[],"jnews_social_meta":[],"footnotes":""},"categories":[39],"tags":[19762,4693,19760,19761],"class_list":["post-95557","post","type-post","status-publish","format-standard","has-post-thumbnail","hentry","category-viajes","tag-cantautor-belga","tag-documental","tag-jacques-brel","tag-viaje-atormentado"],"_links":{"self":[{"href":"https:\/\/dimensionturistica.com\/es\/wp-json\/wp\/v2\/posts\/95557","targetHints":{"allow":["GET"]}}],"collection":[{"href":"https:\/\/dimensionturistica.com\/es\/wp-json\/wp\/v2\/posts"}],"about":[{"href":"https:\/\/dimensionturistica.com\/es\/wp-json\/wp\/v2\/types\/post"}],"author":[{"embeddable":true,"href":"https:\/\/dimensionturistica.com\/es\/wp-json\/wp\/v2\/users\/4"}],"replies":[{"embeddable":true,"href":"https:\/\/dimensionturistica.com\/es\/wp-json\/wp\/v2\/comments?post=95557"}],"version-history":[{"count":0,"href":"https:\/\/dimensionturistica.com\/es\/wp-json\/wp\/v2\/posts\/95557\/revisions"}],"wp:featuredmedia":[{"embeddable":true,"href":"https:\/\/dimensionturistica.com\/es\/wp-json\/wp\/v2\/media\/95558"}],"wp:attachment":[{"href":"https:\/\/dimensionturistica.com\/es\/wp-json\/wp\/v2\/media?parent=95557"}],"wp:term":[{"taxonomy":"category","embeddable":true,"href":"https:\/\/dimensionturistica.com\/es\/wp-json\/wp\/v2\/categories?post=95557"},{"taxonomy":"post_tag","embeddable":true,"href":"https:\/\/dimensionturistica.com\/es\/wp-json\/wp\/v2\/tags?post=95557"}],"curies":[{"name":"wp","href":"https:\/\/api.w.org\/{rel}","templated":true}]}}