{"id":95495,"date":"2021-03-13T23:27:19","date_gmt":"2021-03-13T23:27:19","guid":{"rendered":"https:\/\/dimensionturistica.com\/es\/?p=95495"},"modified":"2021-03-13T23:27:19","modified_gmt":"2021-03-13T23:27:19","slug":"volcadura-deja-dos-hombres-heridos","status":"publish","type":"post","link":"https:\/\/dimensionturistica.com\/es\/volcadura-deja-dos-hombres-heridos\/","title":{"rendered":"Volcadura deja dos hombres heridos"},"content":{"rendered":"<p> <br \/>\n<\/p>\n<div id=\"post-1091473\">\n<header>\n<div class=\"panel\"><time class=\"updated\" datetime=\"2021-03-13T13:40:40-06:00\" pubdate=\"\">s\u00e1bado, 13 de marzo de 2021 a las 1:40pm<\/time><\/p>\n<p>MARCEL RODR\u00cdGUEZ \/ NTRZACATECAS.COM<\/p>\n<p>MARCEL RODR\u00cdGUEZ \/ NTRZACATECAS.COM<\/p>\n<\/div>\n<\/header>\n<div class=\"entry-content\">\n<p><strong>FRESNILLO.<\/strong> Al filo de las 23:50 horas de este viernes, dos j\u00f3venes terminaron en un hospital de esta ciudad luego de protagonizar un aparatoso accidente y volcadura.<\/p>\n<p>El percance ocurri\u00f3 sobre la vialidad del Paseo del Mineral a la altura de la calle Juan de Tolosa, de la colonia Benito Ju\u00e1rez.<\/p>\n<figure><img decoding=\"async\" class=\"alignnone\" src=\"https:\/\/dimensionturistica.com\/es\/wp-content\/uploads\/2021\/03\/Volcadura-deja-dos-hombres-heridos.jpeg\"\/><\/figure>\n<p>En ese lugar los tripulantes de un autom\u00f3vil de la marca Mazda, coloration negro, circulaban de poniente a oriente en el carril de extrema izquierda.<\/p>\n<p>Justo al llegar al crucero, el conductor perdi\u00f3 el management de la unidad y se impact\u00f3 en la base de contenci\u00f3n del sem\u00e1foro que se localiza en ese lugar.<\/p>\n<figure><img decoding=\"async\" class=\"alignnone\" src=\"https:\/\/dimensionturistica.com\/es\/wp-content\/uploads\/2021\/03\/1615678036_976_Volcadura-deja-dos-hombres-heridos.jpeg\"\/><\/figure>\n<p>Tras el accidente la llanta izquierda del coche se desprendi\u00f3 junto con la defensa delantera y termin\u00f3 con las llantas hacia arriba junto a una cruz que se ubica en el camell\u00f3n lateral de la avenida.<\/p>\n<p>Luego de que la unidad detuvo su marcha, salieron dos hombre de entre 25 y 30 a\u00f1os con vida del veh\u00edculo; sin embargo, si presentaban lesiones que requer\u00edan ser valoradas por especialistas m\u00e9dicos.<\/p>\n<figure><img decoding=\"async\" class=\"alignnone\" src=\"https:\/\/dimensionturistica.com\/es\/wp-content\/uploads\/2021\/03\/1615678037_505_Volcadura-deja-dos-hombres-heridos.jpeg\"\/><\/figure>\n<p>Para atender a los lesionados arrib\u00f3\u00a0la unidad m\u00e9dica de Bomberos quienes se encargaron de brindarles los primeros auxilios.<\/p>\n<p>En un principio, los lesionados se negaban a ser trasladarlos a una cl\u00ednica, pero finalmente fueron llevados a un hospital de El Mineral.<\/p>\n<figure><img decoding=\"async\" class=\"alignnone\" src=\"https:\/\/dimensionturistica.com\/es\/wp-content\/uploads\/2021\/03\/1615678037_265_Volcadura-deja-dos-hombres-heridos.jpeg\"\/><\/figure>\n<p>De la zona del accidente se hicieron cargo los uniformados de la Polic\u00eda de Seguridad Vial, para retirar el veh\u00edculo y realizar el peritaje correspondiente.<\/p>\n<figure><img decoding=\"async\" class=\"alignnone\" src=\"https:\/\/dimensionturistica.com\/es\/wp-content\/uploads\/2021\/03\/1615678038_494_Volcadura-deja-dos-hombres-heridos.jpeg\"\/><\/figure>\n<\/div>\n<footer>\n<p class=\"entry-tags\">Temas: <a rel=\"nofollow noopener\" target=\"_blank\" href=\"http:\/\/ntrzacatecas.com\/temas\/accidente-automovilistico\/\">Accidente automovil\u00edstico<\/a>, <a rel=\"nofollow noopener\" target=\"_blank\" href=\"http:\/\/ntrzacatecas.com\/temas\/alerta-roja\/\">Alerta Roja<\/a>, <a rel=\"nofollow noopener\" target=\"_blank\" href=\"http:\/\/ntrzacatecas.com\/temas\/destacadas\/\">Destacadas<\/a>, <a rel=\"nofollow noopener\" target=\"_blank\" href=\"http:\/\/ntrzacatecas.com\/temas\/fresnillo\/\">Fresnillo<\/a><\/p>\n<\/footer>\n<\/div>\n\n<p><em> &#8221; Fuentes ntrzacatecas.com &#8221; <\/em><\/p>\n","protected":false},"excerpt":{"rendered":"<p>s\u00e1bado, 13 de marzo de 2021 a las 1:40pm MARCEL RODR\u00cdGUEZ \/ NTRZACATECAS.COM MARCEL RODR\u00cdGUEZ \/ NTRZACATECAS.COM FRESNILLO. Al filo de las 23:50 horas de este viernes, dos j\u00f3venes terminaron en un hospital de esta ciudad luego de protagonizar un aparatoso accidente y volcadura. El percance ocurri\u00f3 sobre la vialidad del Paseo del Mineral a [&hellip;]<\/p>\n","protected":false},"author":4,"featured_media":95496,"comment_status":"open","ping_status":"closed","sticky":false,"template":"","format":"standard","meta":{"om_disable_all_campaigns":false,"jnews-multi-image_gallery":[],"jnews_single_post":[],"jnews_primary_category":[],"jnews_social_meta":[],"footnotes":""},"categories":[41],"tags":[],"class_list":["post-95495","post","type-post","status-publish","format-standard","has-post-thumbnail","hentry","category-cruceros"],"_links":{"self":[{"href":"https:\/\/dimensionturistica.com\/es\/wp-json\/wp\/v2\/posts\/95495","targetHints":{"allow":["GET"]}}],"collection":[{"href":"https:\/\/dimensionturistica.com\/es\/wp-json\/wp\/v2\/posts"}],"about":[{"href":"https:\/\/dimensionturistica.com\/es\/wp-json\/wp\/v2\/types\/post"}],"author":[{"embeddable":true,"href":"https:\/\/dimensionturistica.com\/es\/wp-json\/wp\/v2\/users\/4"}],"replies":[{"embeddable":true,"href":"https:\/\/dimensionturistica.com\/es\/wp-json\/wp\/v2\/comments?post=95495"}],"version-history":[{"count":0,"href":"https:\/\/dimensionturistica.com\/es\/wp-json\/wp\/v2\/posts\/95495\/revisions"}],"wp:featuredmedia":[{"embeddable":true,"href":"https:\/\/dimensionturistica.com\/es\/wp-json\/wp\/v2\/media\/95496"}],"wp:attachment":[{"href":"https:\/\/dimensionturistica.com\/es\/wp-json\/wp\/v2\/media?parent=95495"}],"wp:term":[{"taxonomy":"category","embeddable":true,"href":"https:\/\/dimensionturistica.com\/es\/wp-json\/wp\/v2\/categories?post=95495"},{"taxonomy":"post_tag","embeddable":true,"href":"https:\/\/dimensionturistica.com\/es\/wp-json\/wp\/v2\/tags?post=95495"}],"curies":[{"name":"wp","href":"https:\/\/api.w.org\/{rel}","templated":true}]}}