{"id":95488,"date":"2021-03-13T22:43:55","date_gmt":"2021-03-13T22:43:55","guid":{"rendered":"https:\/\/dimensionturistica.com\/es\/?p=95488"},"modified":"2021-03-13T22:43:55","modified_gmt":"2021-03-13T22:43:55","slug":"inaugura-amlo-plantas-de-tratamiento-de-aguas-residuales-en-mazatlan","status":"publish","type":"post","link":"https:\/\/dimensionturistica.com\/es\/inaugura-amlo-plantas-de-tratamiento-de-aguas-residuales-en-mazatlan\/","title":{"rendered":"Inaugura AMLO plantas de tratamiento de aguas residuales en Mazatl\u00e1n"},"content":{"rendered":"<p> <br \/>\n<\/p>\n<div>\n<p>Mazat\u00e1n, Sinaloa, 134 de marzo de 2021.- Al inaugurar las dos plantas de tratamiento de aguas residuales <b>Ur\u00edas I y Ur\u00edas II en Mazatl\u00e1n<\/b>, el presidente <b>Andr\u00e9s Manuel L\u00f3pez Obrador<\/b> anunci\u00f3 que con la ampliaci\u00f3n del puerto se habilitar\u00e1 una ruta de <b>cruceros<\/b> hacia las <b>Islas Mar\u00edas<\/b> para transportar turistas.<\/p>\n<p>\u201cVamos hoy a constatar el trabajo de rehabilitaci\u00f3n en la <b>Isla Madre<\/b> y esto se va a complementar con el muelle para embarcaciones que se va a realizar aqu\u00ed en <b>Mazatl\u00e1n<\/b> y este muelle de <b>cruceros<\/b> va a tener el atractivo adicional de la visita a las <b>Islas Mar\u00edas<\/b>\u201d, inform\u00f3.<\/p>\n<p>Agreg\u00f3 que hoy visitar\u00e1 el recinto rehabilitado y nombrar\u00e1 al gobernador de las <b>Islas Mar\u00edas<\/b> para el manejo tur\u00edstico de las tres islas que la conforman.<\/p>\n<p>El jefe del Ejecutivo destac\u00f3 que <b>Sinaloa<\/b> es una de las entidades que registra menor <b>incidencia delictiva<\/b> en el pa\u00eds gracias a la atenci\u00f3n a su poblaci\u00f3n y a que existen oportunidades de desarrollo.<\/p>\n<p>\u201cEn este terreno, afortunadamente en <b>Sinaloa<\/b> se va avanzando, es de los estados con menos incidencia delictiva en el pa\u00eds, no tenemos los problemas lamentables, graves de violencia, de homicidios como en otros estados. Esto es en buena medida porque hay oportunidades de trabajo, de estudio para los j\u00f3venes, para los campesinos, productores, pescadores, peque\u00f1os y medianos empresarios\u201d, subray\u00f3.<\/p>\n<p>Refrend\u00f3 su compromiso con la entidad para continuar las obras de infraestructura como la inaugurada hoy en <b>Mazatl\u00e1n<\/b> y encomend\u00f3 a la directora basic de la <b>Comisi\u00f3n Nacional del Agua<\/b> (<b>Conagua<\/b>), <b>Blanca Jim\u00e9nez Cisneros<\/b>, analizar la posibilidad de cerrar la planta de tratamiento <b>El Crest\u00f3n<\/b> \u2013ubicada al pie del <b>Faro<\/b>\u2013 para convertirla en una zona recreativa para el turismo y la poblaci\u00f3n.<\/p>\n<p>Estas dos <b>plantas de tratamiento de<\/b> <b>aguas residuales<\/b> beneficiar\u00e1n a 381 mil 583 habitantes en <b>Mazatl\u00e1n<\/b> y generar\u00e1n dos subproductos: agua tratada y lodos que disminuir\u00e1n la demanda de fertilizantes para mejorar la producci\u00f3n agr\u00edcola, inform\u00f3 la directora de <b>Conagua<\/b>.<\/p>\n<p>Acompa\u00f1aron al presidente el <b>gobernador de Sinaloa, Quirino Ordaz Coppel<\/b> y el <b>presidente municipal<\/b> provisional de <b>Mazatl\u00e1n, Jos\u00e9 Manuel Villalobos Jim\u00e9nez.<\/b><\/p>\n<\/div>\n<p><script>\n    window.fbAsyncInit = function() {\n    FB.init({\n        appId : '2642162399395391',\n    xfbml : true,\n    version : 'v3.1'\n    });\n    };\n    (function(d, s, id) {\n    var js, fjs = d.getElementsByTagName(s)[0];\n    if (d.getElementById(id)) {return};\n    js = d.createElement(s); js.id = id;\n    js.src=\"https:\/\/connect.facebook.net\/es_ES\/sdk.js\";\n    fjs.parentNode.insertBefore(js, fjs);\n    }(document, 'script', 'facebook-jssdk'));\n<\/script><br \/>\n<br \/><\/p>\n<p><em> &#8221; Fuentes www.vertigopolitico.com &#8221; <\/em><\/p>\n","protected":false},"excerpt":{"rendered":"<p>Mazat\u00e1n, Sinaloa, 134 de marzo de 2021.- Al inaugurar las dos plantas de tratamiento de aguas residuales Ur\u00edas I y Ur\u00edas II en Mazatl\u00e1n, el presidente Andr\u00e9s Manuel L\u00f3pez Obrador anunci\u00f3 que con la ampliaci\u00f3n del puerto se habilitar\u00e1 una ruta de cruceros hacia las Islas Mar\u00edas para transportar turistas. \u201cVamos hoy a constatar el [&hellip;]<\/p>\n","protected":false},"author":4,"featured_media":95489,"comment_status":"open","ping_status":"closed","sticky":false,"template":"","format":"standard","meta":{"om_disable_all_campaigns":false,"jnews-multi-image_gallery":[],"jnews_single_post":[],"jnews_primary_category":[],"jnews_social_meta":[],"footnotes":""},"categories":[41],"tags":[],"class_list":["post-95488","post","type-post","status-publish","format-standard","has-post-thumbnail","hentry","category-cruceros"],"_links":{"self":[{"href":"https:\/\/dimensionturistica.com\/es\/wp-json\/wp\/v2\/posts\/95488","targetHints":{"allow":["GET"]}}],"collection":[{"href":"https:\/\/dimensionturistica.com\/es\/wp-json\/wp\/v2\/posts"}],"about":[{"href":"https:\/\/dimensionturistica.com\/es\/wp-json\/wp\/v2\/types\/post"}],"author":[{"embeddable":true,"href":"https:\/\/dimensionturistica.com\/es\/wp-json\/wp\/v2\/users\/4"}],"replies":[{"embeddable":true,"href":"https:\/\/dimensionturistica.com\/es\/wp-json\/wp\/v2\/comments?post=95488"}],"version-history":[{"count":0,"href":"https:\/\/dimensionturistica.com\/es\/wp-json\/wp\/v2\/posts\/95488\/revisions"}],"wp:featuredmedia":[{"embeddable":true,"href":"https:\/\/dimensionturistica.com\/es\/wp-json\/wp\/v2\/media\/95489"}],"wp:attachment":[{"href":"https:\/\/dimensionturistica.com\/es\/wp-json\/wp\/v2\/media?parent=95488"}],"wp:term":[{"taxonomy":"category","embeddable":true,"href":"https:\/\/dimensionturistica.com\/es\/wp-json\/wp\/v2\/categories?post=95488"},{"taxonomy":"post_tag","embeddable":true,"href":"https:\/\/dimensionturistica.com\/es\/wp-json\/wp\/v2\/tags?post=95488"}],"curies":[{"name":"wp","href":"https:\/\/api.w.org\/{rel}","templated":true}]}}