{"id":954810,"date":"2025-04-03T02:06:08","date_gmt":"2025-04-03T02:06:08","guid":{"rendered":"https:\/\/dimensionturistica.com\/es\/?p=954810"},"modified":"2025-04-03T02:06:08","modified_gmt":"2025-04-03T02:06:08","slug":"en-sus-propias-palabras-como-cory-booker-se-preparo-fisicamente-para-25-horas-de-pie","status":"publish","type":"post","link":"https:\/\/dimensionturistica.com\/es\/en-sus-propias-palabras-como-cory-booker-se-preparo-fisicamente-para-25-horas-de-pie\/","title":{"rendered":"En Sus Propias Palabras: C\u00f3mo Cory Booker Se Prepar\u00f3 F\u00edsicamente para 25 Horas de Pie"},"content":{"rendered":"<p><strong>La Resiliencia en el Coraz\u00f3n de la Pol\u00edtica: Un Viaje a Trav\u00e9s del Compromiso y el Cambio Social<\/strong><\/p>\n<p>En un mundo en constante cambio, la pol\u00edtica puede parecer un laberinto enrevesado de intereses y obst\u00e1culos. Sin embargo, en medio de esta complejidad, hay l\u00edderes que se destacan, no solo por su capacidad de navegar en aguas turbulentas, sino tambi\u00e9n por su inquebrantable compromiso con la justicia social y el bienestar de sus comunidades. Uno de estos personajes es Cory Booker, un pol\u00edtico que ha hecho de su vida un viaje ejemplar de activismo y servicio p\u00fablico.<\/p>\n<p>El recorrido de Booker no es solo una historia de triunfo personal; es tambi\u00e9n un reflejo de las luchas y aspiraciones de muchos estadounidenses. Desde sus inicios en la ciudad de Newark, donde enfrent\u00f3 desaf\u00edos significativos, hasta su carrera en el Senado, \u00e9l ha puesto el foco en la importancia de la conexi\u00f3n humana y la empat\u00eda. Esta capacidad de escuchar y responder a las necesidades de su comunidad lo ha llevado a explorar formas innovadoras de abordar cuestiones cr\u00edticas como la pobreza, la educaci\u00f3n y la reforma del sistema judicial.<\/p>\n<p>Uno de los momentos clave en la trayectoria de Booker ha sido su enfoque en la filibustera, una herramienta legislativa que, a menudo, simboliza el estancamiento en la pol\u00edtica. Sin embargo, para \u00e9l, representa una oportunidad para galvanizar el apoyo popular y arrojar luz sobre temas que son cruciales para el avance social. Su determinaci\u00f3n por superar las barreras pol\u00edticas refleja no solo un compromiso con la legislaci\u00f3n, sino tambi\u00e9n una llamada a la acci\u00f3n para que los ciudadanos participen en el proceso democr\u00e1tico.<\/p>\n<p>El viaje de Booker nos lleva a reflexionar sobre el poder de la comunidad y la importancia de la participaci\u00f3n c\u00edvica. Cuando las personas se unen, su voz colectiva puede transformar el panorama pol\u00edtico. Este principio no solo es aplicable al \u00e1mbito local, sino que se extiende a la esfera global, record\u00e1ndonos que el cambio empieza desde nuestras propias comunidades, donde cada acci\u00f3n cuenta, ya sea en las urnas, en las calles o en nuestras interacciones diarias.<\/p>\n<p>La historia de Cory Booker es un recordatorio de que, en momentos de incertidumbre, la resiliencia y la determinaci\u00f3n pueden allanar el camino hacia un futuro mejor. Su vida y su carrera son un testimonio de c\u00f3mo el compromiso con la justicia social puede ser un faro en tiempos oscuros, iluminando el camino hacia el cambio.<\/p>\n<p>Al explorar la esencia de su mensaje, encontramos una invitaci\u00f3n a todos para que se conviertan en agentes de cambio en sus propias comunidades. Las historias de campeones del cambio, como Booker, nos inspiran a actuar, a ser parte de la conversaci\u00f3n y a no perder la esperanza en la b\u00fasqueda de un mundo m\u00e1s justo. Solo as\u00ed podremos construir un avenir donde todos tengan la oportunidad de prosperar.<\/p>\n<p>En resumen, el recorrido de Cory Booker en la pol\u00edtica no solo nos ense\u00f1a sobre la lucha legislativa; es una exploraci\u00f3n del poder del consentimiento y la acci\u00f3n colectiva. Como viajeros en esta narrativa de vida, estamos llamados a participar, a experimentar y a ser parte de la transformaci\u00f3n que comienza en el n\u00facleo de nuestras comunidades y se expande al \u00e1mbito mundial.<\/p>\n<p><em> &#8221; Sources www.vogue.com &#8221; <\/em><\/p>\n<p><em> &#8221; Fuentes www.vogue.com &#8221; <\/em><\/p>\n","protected":false},"excerpt":{"rendered":"<p>La Resiliencia en el Coraz\u00f3n de la Pol\u00edtica: Un Viaje a Trav\u00e9s del Compromiso y el Cambio Social En un mundo en constante cambio, la pol\u00edtica puede parecer un laberinto enrevesado de intereses y obst\u00e1culos. Sin embargo, en medio de esta complejidad, hay l\u00edderes que se destacan, no solo por su capacidad de navegar en [&hellip;]<\/p>\n","protected":false},"author":4,"featured_media":954811,"comment_status":"open","ping_status":"closed","sticky":false,"template":"","format":"standard","meta":{"om_disable_all_campaigns":false,"jnews-multi-image_gallery":[],"jnews_single_post":[],"jnews_primary_category":[],"jnews_social_meta":[],"footnotes":""},"categories":[144872],"tags":[63572,155549,35575,17224,530,17771,120379,217154,190,72052,207066,209],"class_list":["post-954810","post","type-post","status-publish","format-standard","has-post-thumbnail","hentry","category-fashion","tag-body","tag-cory-booker","tag-endurance","tag-fitness","tag-health","tag-perseverance","tag-personal-development","tag-physical-training","tag-politics","tag-preparation","tag-public-speaking","tag-wellness"],"_links":{"self":[{"href":"https:\/\/dimensionturistica.com\/es\/wp-json\/wp\/v2\/posts\/954810","targetHints":{"allow":["GET"]}}],"collection":[{"href":"https:\/\/dimensionturistica.com\/es\/wp-json\/wp\/v2\/posts"}],"about":[{"href":"https:\/\/dimensionturistica.com\/es\/wp-json\/wp\/v2\/types\/post"}],"author":[{"embeddable":true,"href":"https:\/\/dimensionturistica.com\/es\/wp-json\/wp\/v2\/users\/4"}],"replies":[{"embeddable":true,"href":"https:\/\/dimensionturistica.com\/es\/wp-json\/wp\/v2\/comments?post=954810"}],"version-history":[{"count":0,"href":"https:\/\/dimensionturistica.com\/es\/wp-json\/wp\/v2\/posts\/954810\/revisions"}],"wp:featuredmedia":[{"embeddable":true,"href":"https:\/\/dimensionturistica.com\/es\/wp-json\/wp\/v2\/media\/954811"}],"wp:attachment":[{"href":"https:\/\/dimensionturistica.com\/es\/wp-json\/wp\/v2\/media?parent=954810"}],"wp:term":[{"taxonomy":"category","embeddable":true,"href":"https:\/\/dimensionturistica.com\/es\/wp-json\/wp\/v2\/categories?post=954810"},{"taxonomy":"post_tag","embeddable":true,"href":"https:\/\/dimensionturistica.com\/es\/wp-json\/wp\/v2\/tags?post=954810"}],"curies":[{"name":"wp","href":"https:\/\/api.w.org\/{rel}","templated":true}]}}