{"id":954112,"date":"2025-04-02T02:34:06","date_gmt":"2025-04-02T02:34:06","guid":{"rendered":"https:\/\/dimensionturistica.com\/es\/?p=954112"},"modified":"2025-04-02T02:34:06","modified_gmt":"2025-04-02T02:34:06","slug":"sus-cinco-travesias-a-la-tierra-de-maria","status":"publish","type":"post","link":"https:\/\/dimensionturistica.com\/es\/sus-cinco-travesias-a-la-tierra-de-maria\/","title":{"rendered":"Sus cinco traves\u00edas a la &#8220;tierra de Mar\u00eda&#8221;"},"content":{"rendered":"<p><strong>Siguiendo el Legado de Juan Pablo II: Un Viaje por Tierra Santa<\/strong><\/p>\n<p>Hace ya dos d\u00e9cadas que la figura de Juan Pablo II dej\u00f3 un vac\u00edo en el coraz\u00f3n de millones de fieles alrededor del mundo. Este carism\u00e1tico papa no solo revolucion\u00f3 la Iglesia Cat\u00f3lica, sino que tambi\u00e9n dej\u00f3 su huella en los destinos que visit\u00f3. Entre ellos, su conexi\u00f3n con Tierra Santa \u2013un lugar fundamental para la fe cristiana\u2013 destaca como un recorrido espiritual inolvidable.<\/p>\n<p>Desde su ascenso al papado en 1978, Juan Pablo II hizo cinco visitas a la Tierra de Mar\u00eda, cada una de las cuales dej\u00f3 un impacto indeleble. Su primer viaje en 1979 marc\u00f3 un punto de inflexi\u00f3n que reuni\u00f3 a miles de peregrinos, convirti\u00e9ndose en un s\u00edmbolo de esperanza y unidad. La calidez de su presencia y su mensaje de paz resonaron entre quienes lo escucharon en el mismo lugar donde se desarrollaron los eventos m\u00e1s significativos de la vida de Cristo.<\/p>\n<p>Uno de los aspectos m\u00e1s memorables de sus visitas fue su capacidad para conectar con diversas comunidades. En 2000, durante su viaje a Jerusal\u00e9n, hizo un llamado a la reconciliaci\u00f3n, solicitando una paz duradera en una regi\u00f3n marcada por conflictos. Su encuentro con l\u00edderes de otras religiones, as\u00ed como su visita al Muro de las Lamentaciones, simbolizaba el respeto y la b\u00fasqueda de unidad entre diferentes creencias.<\/p>\n<p>El recorrido por los sagrados sitios, como la Bas\u00edlica de la Natividad en Bel\u00e9n y el Monte de los Olivos, ofrece a los peregrinos una oportunidad \u00fanica para adentrarse en su propia espiritualidad. Las huellas del Papa se pueden sentir a\u00fan hoy, en los lugares donde carg\u00f3 con su misi\u00f3n de paz y amor. Las iglesias que visit\u00f3 y los altares que bendijo son ahora destinos ineludibles para quienes buscan una experiencia transformadora.<\/p>\n<p>La ruta de Juan Pablo II es tambi\u00e9n un viaje por la historia y la cultura. Cada paso en este recorrido habla no solo de la fe, sino de la resiliencia de los pueblos que han habitado estas tierras a lo largo de los siglos. La arquitectura, las tradiciones y la gastronom\u00eda de cada regi\u00f3n se entrelazan con el legado de un hombre que so\u00f1\u00f3 con un mundo m\u00e1s unido.<\/p>\n<p>Los turistas y peregrinos que siguen las huellas de Juan Pablo II encuentran en cada visita una oportunidad para la reflexi\u00f3n y el descubrimiento. Desde las colinas de Nazaret hasta las aguas del Mar de Galilea, cada sitio evoca no solo la sublime historia de la religi\u00f3n, sino tambi\u00e9n el anhelo humano por la paz y la esperanza.<\/p>\n<p>A medida que los a\u00f1os pasan, el mensaje de Juan Pablo II se vuelve cada vez m\u00e1s relevante. Viajar a Tierra Santa no solo es un recorrido geogr\u00e1fico, sino tambi\u00e9n un viaje interior que invita a todos a buscar sus propios caminos hacia la espiritualidad y la convivencia pac\u00edfica. As\u00ed, su legado no solo perdura en el tiempo, sino que se expande, alentando a nuevas generaciones a explorar y a so\u00f1ar con un futuro unido.<\/p>\n<p>En este aniversario, invitamos a todos a redescubrir la Tierra de Mar\u00eda y a seguir, como Juan Pablo II lo hizo, el camino hacia el entendimiento y la paz, donde cada visitante tiene la oportunidad de dejar su propia huella.<\/p>\n<p><em> &#8221; Sources gaceta.es &#8221; <\/em><\/p>\n<p><em> &#8221; Fuentes gaceta.es &#8221; <\/em><\/p>\n","protected":false},"excerpt":{"rendered":"<p>Siguiendo el Legado de Juan Pablo II: Un Viaje por Tierra Santa Hace ya dos d\u00e9cadas que la figura de Juan Pablo II dej\u00f3 un vac\u00edo en el coraz\u00f3n de millones de fieles alrededor del mundo. Este carism\u00e1tico papa no solo revolucion\u00f3 la Iglesia Cat\u00f3lica, sino que tambi\u00e9n dej\u00f3 su huella en los destinos que [&hellip;]<\/p>\n","protected":false},"author":4,"featured_media":954113,"comment_status":"open","ping_status":"closed","sticky":false,"template":"","format":"standard","meta":{"om_disable_all_campaigns":false,"jnews-multi-image_gallery":[],"jnews_single_post":[],"jnews_primary_category":[],"jnews_social_meta":[],"footnotes":""},"categories":[39],"tags":[23120,662,56308,6643,216991,544,545],"class_list":["post-954112","post","type-post","status-publish","format-standard","has-post-thumbnail","hentry","category-viajes","tag-aventuras","tag-cultura","tag-exploracion","tag-historia","tag-tierra-de-maria","tag-turismo","tag-viajes"],"_links":{"self":[{"href":"https:\/\/dimensionturistica.com\/es\/wp-json\/wp\/v2\/posts\/954112","targetHints":{"allow":["GET"]}}],"collection":[{"href":"https:\/\/dimensionturistica.com\/es\/wp-json\/wp\/v2\/posts"}],"about":[{"href":"https:\/\/dimensionturistica.com\/es\/wp-json\/wp\/v2\/types\/post"}],"author":[{"embeddable":true,"href":"https:\/\/dimensionturistica.com\/es\/wp-json\/wp\/v2\/users\/4"}],"replies":[{"embeddable":true,"href":"https:\/\/dimensionturistica.com\/es\/wp-json\/wp\/v2\/comments?post=954112"}],"version-history":[{"count":0,"href":"https:\/\/dimensionturistica.com\/es\/wp-json\/wp\/v2\/posts\/954112\/revisions"}],"wp:featuredmedia":[{"embeddable":true,"href":"https:\/\/dimensionturistica.com\/es\/wp-json\/wp\/v2\/media\/954113"}],"wp:attachment":[{"href":"https:\/\/dimensionturistica.com\/es\/wp-json\/wp\/v2\/media?parent=954112"}],"wp:term":[{"taxonomy":"category","embeddable":true,"href":"https:\/\/dimensionturistica.com\/es\/wp-json\/wp\/v2\/categories?post=954112"},{"taxonomy":"post_tag","embeddable":true,"href":"https:\/\/dimensionturistica.com\/es\/wp-json\/wp\/v2\/tags?post=954112"}],"curies":[{"name":"wp","href":"https:\/\/api.w.org\/{rel}","templated":true}]}}