{"id":95301,"date":"2021-03-13T14:27:09","date_gmt":"2021-03-13T14:27:09","guid":{"rendered":"https:\/\/dimensionturistica.com\/es\/?p=95301"},"modified":"2021-03-13T14:27:09","modified_gmt":"2021-03-13T14:27:09","slug":"grecia-msc-lirica-sufre-incendio-durante-estadia-en-puerto-de-corfu","status":"publish","type":"post","link":"https:\/\/dimensionturistica.com\/es\/grecia-msc-lirica-sufre-incendio-durante-estadia-en-puerto-de-corfu\/","title":{"rendered":"Grecia: MSC Lirica sufre incendio durante estad\u00eda en Puerto de Corf\u00fa"},"content":{"rendered":"<p> <br \/>\n<\/p>\n<div style=\"margin-top:0px;\">\n<p><strong>Por Redacci\u00f3n PortalCruceros.cl<\/strong><\/p>\n<p><strong>@PortalCruceros<\/strong><\/p>\n<hr\/>\n<p style=\"text-align: justify;\">El <strong>MSC Lirica,<\/strong> que se encuentra en el <strong>Puerto de Corf\u00fa, en Grecia<\/strong>, se vio afectado por un incendio a bordo<strong>.<\/strong><\/p>\n<p>El hecho se registr\u00f3 a eso de las 3.42 pm hora native de Corf\u00fa en el sector de los botes salvavidas alojados en la cubierta 6 del crucero.<\/p>\n<p style=\"text-align: justify;\"><img decoding=\"async\" loading=\"lazy\" class=\"alignright wp-image-88288\" src=\"https:\/\/dimensionturistica.com\/es\/wp-content\/uploads\/2021\/03\/Grecia-MSC-Lirica-sufre-incendio-durante-estadia-en-Puerto-de.jpg\" alt=\"\" width=\"437\" height=\"235\"  \/>A ra\u00edz de esta situaci\u00f3n de emergencia concurrieron al lugar dos compa\u00f1\u00edas del Cuerpo de Bomberos de Corf\u00fa, cuyos efectivos lograron controlar el sinietro cerca de las 6.58 horas pm.<\/p>\n<p style=\"text-align: justify;\">La nave est\u00e1 en Grecia sin actividad debido a la pausa common de la industria y a la prohibici\u00f3n que existe en el pa\u00eds para el funcionamiento de naves de pasajeros.<\/p>\n<p style=\"text-align: justify;\">Al momento de la emergencia hab\u00eda 51 tripulantes a bordo de la nave, pero no se report\u00f3 ning\u00fan herido debido al siniestro.<\/p>\n<p style=\"text-align: justify;\">El MSC Lirica entr\u00f3 en operaciones en 2003 y fue construido en <strong>Chantiers de l\u2019Atlantique,<\/strong> siendo acondicionado para recibir a 1.960 pasajeros en 2015, al ser ampliado a 275 metros.<\/p>\n<p><strong>MSC Cruceros<\/strong>, cabe consignar, espera retomar los viajes por el Mediterr\u00e1neo en mayo con salidas desde Italia.<\/p>\n<hr\/>\n<p><a href=\"https:\/\/www.youtube.com\/watch?v=bZjDqj1AkAU\">https:\/\/www.youtube.com\/watch?v=bZjDqj1AkAU<\/a><\/p>\n<div class=\"jeg_video_container jeg_video_content\"><iframe loading=\"lazy\" title=\"CRUISE SHIP BURNING ON FIRE!\" width=\"500\" height=\"281\" src=\"https:\/\/www.youtube.com\/embed\/GdDmR045Zao?feature=oembed\" frameborder=\"0\" allow=\"accelerometer; autoplay; clipboard-write; encrypted-media; gyroscope; picture-in-picture; web-share\" referrerpolicy=\"strict-origin-when-cross-origin\" allowfullscreen><\/iframe><\/div>\n<p><a href=\"https:\/\/www.youtube.com\/watch?v=FbzAWwGmOTY\">https:\/\/www.youtube.com\/watch?v=FbzAWwGmOTY<\/a><\/p>\n<div class=\"jeg_video_container jeg_video_content\"><iframe loading=\"lazy\" title=\"MSC LIRICA FIRE - Abandon Ship! #shorts\" width=\"500\" height=\"281\" src=\"https:\/\/www.youtube.com\/embed\/uxRiLzSZkpo?feature=oembed\" frameborder=\"0\" allow=\"accelerometer; autoplay; clipboard-write; encrypted-media; gyroscope; picture-in-picture; web-share\" referrerpolicy=\"strict-origin-when-cross-origin\" allowfullscreen><\/iframe><\/div>\n<p><!-- AddThis Advanced Settings above via filter on the_content --><!-- AddThis Advanced Settings below via filter on the_content --><!-- AddThis Advanced Settings generic via filter on the_content --><\/p>\n<div class=\"heateor_sss_sharing_container heateor_sss_horizontal_sharing\" heateor-sss-data-href=\"https:\/\/portalcruceros.cl\/grecia-msc-lirica-sufre-incendio-durante-estadia-en-puerto-de-corfu\/\">\n<p>Compartir<\/p>\n<ul class=\"heateor_sss_sharing_ul\">\n<li class=\"heateorSssSharingRound\"><i style=\"width:35px;height:35px;border-radius:999px;\" alt=\"Facebook\" title=\"Facebook\" class=\"heateorSssSharing heateorSssFacebookBackground\" onclick=\"heateorSssPopup(&quot;https:\/\/www.facebook.com\/sharer\/sharer.php?u=https%3A%2F%2Fportalcruceros.cl%2Fgrecia-msc-lirica-sufre-incendio-durante-estadia-en-puerto-de-corfu%2F&quot;)\"><ss style=\"display:block;border-radius:999px;\" class=\"heateorSssSharingSvg heateorSssFacebookSvg\"\/><\/i><\/li>\n<li class=\"heateorSssSharingRound\"><i style=\"width:35px;height:35px;border-radius:999px;\" alt=\"Twitter\" title=\"Twitter\" class=\"heateorSssSharing heateorSssTwitterBackground\" onclick=\"heateorSssPopup(&quot;http:\/\/twitter.com\/intent\/tweet?text=Grecia%3A%20MSC%20Lirica%20sufre%20incendio%20durante%20estad%C3%ADa%20en%20Puerto%20de%20Corf%C3%BA&amp;url=https%3A%2F%2Fportalcruceros.cl%2Fgrecia-msc-lirica-sufre-incendio-durante-estadia-en-puerto-de-corfu%2F&quot;)\"><ss style=\"display:block;border-radius:999px;\" class=\"heateorSssSharingSvg heateorSssTwitterSvg\"\/><\/i><\/li>\n<li class=\"heateorSssSharingRound\"><i style=\"width:35px;height:35px;border-radius:999px;\" alt=\"Linkedin\" title=\"Linkedin\" class=\"heateorSssSharing heateorSssLinkedinBackground\" onclick=\"heateorSssPopup(&quot;http:\/\/www.linkedin.com\/shareArticle?mini=true&amp;url=https%3A%2F%2Fportalcruceros.cl%2Fgrecia-msc-lirica-sufre-incendio-durante-estadia-en-puerto-de-corfu%2F&amp;title=Grecia%3A%20MSC%20Lirica%20sufre%20incendio%20durante%20estad%C3%ADa%20en%20Puerto%20de%20Corf%C3%BA&quot;)\"><ss style=\"display:block;border-radius:999px;\" class=\"heateorSssSharingSvg heateorSssLinkedinSvg\"\/><\/i><\/li>\n<li class=\"heateorSssSharingRound\"><i style=\"width:35px;height:35px;border-radius:999px;\" alt=\"Pinterest\" title=\"Pinterest\" class=\"heateorSssSharing heateorSssPinterestBackground\" onclick=\"javascript:void( (function() {var e=document.createElement('script' );e.setAttribute('type','text\/javascript' );e.setAttribute('charset','UTF-8' );e.setAttribute('src','\/\/assets.pinterest.com\/js\/pinmarklet.js?r=\"><ss style=\"display:block;border-radius:999px;\" class=\"heateorSssSharingSvg heateorSssPinterestSvg\"\/><\/i><\/li>\n<li class=\"heateorSssSharingRound\"><i style=\"width:35px;height:35px;border-radius:999px;\" alt=\"Whatsapp\" title=\"Whatsapp\" class=\"heateorSssSharing heateorSssWhatsappBackground\" onclick=\"heateorSssPopup(\" https:=\"\" https=\"\"><ss style=\"display:block\" class=\"heateorSssSharingSvg heateorSssWhatsappSvg\"\/><\/i><\/li>\n<li class=\"heateorSssSharingRound\"><i style=\"width:35px;height:35px;border-radius:999px;\" alt=\"Reddit\" title=\"Reddit\" class=\"heateorSssSharing heateorSssRedditBackground\" onclick=\"heateorSssPopup(&quot;http:\/\/reddit.com\/submit?url=https%3A%2F%2Fportalcruceros.cl%2Fgrecia-msc-lirica-sufre-incendio-durante-estadia-en-puerto-de-corfu%2F&amp;title=Grecia%3A%20MSC%20Lirica%20sufre%20incendio%20durante%20estad%C3%ADa%20en%20Puerto%20de%20Corf%C3%BA&quot;)\"><ss style=\"display:block;border-radius:999px;\" class=\"heateorSssSharingSvg heateorSssRedditSvg\"\/><\/i><\/li>\n<li class=\"heateorSssSharingRound\"><i style=\"width:35px;height:35px;border-radius:999px;\" alt=\"Facebook Messenger\" title=\"Facebook Messenger\" class=\"heateorSssSharing heateorSssFacebookMessengerBackground\" onclick=\"heateorSssPopup(&quot;https:\/\/www.facebook.com\/dialog\/send?app_id=1904103319867886&amp;display=popup&amp;link=https%3A%2F%2Fportalcruceros.cl%2Fgrecia-msc-lirica-sufre-incendio-durante-estadia-en-puerto-de-corfu%2F&amp;redirect_uri=https%3A%2F%2Fportalcruceros.cl%2Fgrecia-msc-lirica-sufre-incendio-durante-estadia-en-puerto-de-corfu%2F&quot;)\"><ss style=\"display:block;border-radius:999px;\" class=\"heateorSssSharingSvg heateorSssFacebookMessengerSvg\"\/><\/i><\/li>\n<li class=\"heateorSssSharingRound\"><i style=\"width:35px;height:35px;border-radius:999px;\" alt=\"Telegram\" title=\"Telegram\" class=\"heateorSssSharing heateorSssTelegramBackground\" onclick=\"heateorSssPopup(&quot;https:\/\/telegram.me\/share\/url?url=https%3A%2F%2Fportalcruceros.cl%2Fgrecia-msc-lirica-sufre-incendio-durante-estadia-en-puerto-de-corfu%2F&amp;text=Grecia%3A%20MSC%20Lirica%20sufre%20incendio%20durante%20estad%C3%ADa%20en%20Puerto%20de%20Corf%C3%BA&quot;)\"><ss style=\"display:block;border-radius:999px;\" class=\"heateorSssSharingSvg heateorSssTelegramSvg\"\/><\/i><\/li>\n<li class=\"heateorSssSharingRound\"><i style=\"width:35px;height:35px;border-radius:999px;\" alt=\"Google Gmail\" title=\"Google Gmail\" class=\"heateorSssSharing heateorSssGoogleGmailBackground\" onclick=\"heateorSssPopup(&quot;https:\/\/mail.google.com\/mail\/?ui=2&amp;view=cm&amp;fs=1&amp;tf=1&amp;su=Grecia%3A%20MSC%20Lirica%20sufre%20incendio%20durante%20estad%C3%ADa%20en%20Puerto%20de%20Corf%C3%BA&amp;body=Link:https%3A%2F%2Fportalcruceros.cl%2Fgrecia-msc-lirica-sufre-incendio-durante-estadia-en-puerto-de-corfu%2F&quot;)\"><ss style=\"display:block;border-radius:999px;\" class=\"heateorSssSharingSvg heateorSssGoogleGmailSvg\"\/><\/i><\/li>\n<li class=\"heateorSssSharingRound\"><i style=\"width:35px;height:35px;border-radius:999px;\" alt=\"Print\" title=\"Print\" class=\"heateorSssSharing heateorSssPrintBackground\" onclick=\"window.print()\"><ss style=\"display:block\" class=\"heateorSssSharingSvg heateorSssPrintSvg\"\/><\/i><\/li>\n<li class=\"heateorSssSharingRound\"><i style=\"width:35px;height:35px;border-radius:999px;\" alt=\"Email\" title=\"Email\" class=\"heateorSssSharing heateorSssEmailBackground\" onclick=\"window.open('mailto:?subject=\" decodeuricomponent=\"\"><ss style=\"display:block\" class=\"heateorSssSharingSvg heateorSssEmailSvg\"\/><\/i><\/li>\n<li class=\"heateorSssSharingRound\"><i style=\"width:35px;height:35px;border-radius:999px;\" alt=\"SMS\" title=\"SMS\" class=\"heateorSssSharing heateorSssSMSBackground\"><a rel=\"nofollow noopener\" target=\"_blank\" href=\"https:\/\/portalcruceros.cl\/grecia-msc-lirica-sufre-incendio-durante-estadia-en-puerto-de-corfu\/sms:?&amp;body=Grecia%3A%20MSC%20Lirica%20sufre%20incendio%20durante%20estad%C3%ADa%20en%20Puerto%20de%20Corf%C3%BA https%3A%2F%2Fportalcruceros.cl%2Fgrecia-msc-lirica-sufre-incendio-durante-estadia-en-puerto-de-corfu%2F\"><ss style=\"display:block\" class=\"heateorSssSharingSvg heateorSssSMSSvg\"\/><\/a><\/i><\/li>\n<li class=\"heateorSssSharingRound\"><i style=\"width:35px;height:35px;border-radius:999px;\" alt=\"Outlook.com\" title=\"Outlook.com\" class=\"heateorSssSharing heateorSssOutlookcomBackground\" onclick=\"heateorSssPopup(&quot;https:\/\/mail.live.com\/default.aspx?rru=compose?subject=Grecia%3A%20MSC%20Lirica%20sufre%20incendio%20durante%20estad%C3%ADa%20en%20Puerto%20de%20Corf%C3%BA&amp;body=https%3A%2F%2Fportalcruceros.cl%2Fgrecia-msc-lirica-sufre-incendio-durante-estadia-en-puerto-de-corfu%2F&amp;lc=1033&amp;id=64855&amp;mkt=en-us&amp;cbcxt=mai&quot;)\"><ss style=\"display:block;border-radius:999px;\" class=\"heateorSssSharingSvg heateorSssOutlookcomSvg\"\/><\/i><\/li>\n<li class=\"heateorSssSharingRound\"><i style=\"width:35px;height:35px;border-radius:999px;\" alt=\"Skype\" title=\"Skype\" class=\"heateorSssSharing heateorSssSkypeBackground\" onclick=\"heateorSssPopup(&quot;https:\/\/web.skype.com\/share?url=https%3A%2F%2Fportalcruceros.cl%2Fgrecia-msc-lirica-sufre-incendio-durante-estadia-en-puerto-de-corfu%2F&quot;)\"><ss style=\"display:block;border-radius:999px;\" class=\"heateorSssSharingSvg heateorSssSkypeSvg\"\/><\/i><\/li>\n<li class=\"heateorSssSharingRound\"><i style=\"width:35px;height:35px;border-radius:999px;\" title=\"More\" alt=\"More\" class=\"heateorSssSharing heateorSssMoreBackground\" onclick=\"heateorSssMoreSharingPopup(this, 'https:\/\/portalcruceros.cl\/grecia-msc-lirica-sufre-incendio-durante-estadia-en-puerto-de-corfu\/', 'Grecia%3A%20MSC%20Lirica%20sufre%20incendio%20durante%20estad%C3%ADa%20en%20Puerto%20de%20Corf%C3%BA', '' )\"><ss style=\"display:block\" class=\"heateorSssSharingSvg heateorSssMoreSvg\"\/><\/i><\/li>\n<\/ul>\n<\/div>\n<p>\t\t <!-- banner --><br \/>\n<!--\t \n\n<div style=\"margin-top: 15px;\"><\/div>\n\n\n<a rel=\"nofollow noopener\" target=\"_blank\" href=\"https:\/\/www.linkedin.com\/company\/portalcruceros-cl\/\">\n\t<img decoding=\"async\" src=\"https:\/\/dimensionturistica.com\/es\/wp-content\/uploads\/2020\/09\/Knud-E-Hansen-disena-nuevo-crucero-de-expedicion-rompehielos.gif\" \/>\n\t<\/a> --><\/p>\n<p>\t<!-- banner end --><\/p>\n<p>\t\t <!-- notas relacionadas --><\/p>\n<hr\/>\n<div class=\"rel_posts\">\n<p>Sigue navegando<\/p>\n<ul>\n<li>\n                            <a rel=\"nofollow noopener\" target=\"_blank\" class=\"thumb_rel\" href=\"https:\/\/portalcruceros.cl\/marella-cruises-prolongara-sus-travesias-hasta-julio-proximo-a-causa-de-la-pandemia\/\"><img decoding=\"async\" width=\"1000\" height=\"519\" src=\"https:\/\/dimensionturistica.com\/es\/wp-content\/uploads\/2021\/03\/Marella-Cruises-prolongara-la-suspension-de-travesias-hasta-julio-proximo.jpg\" class=\"attachment-post-thumbnail size-post-thumbnail wp-post-image\" alt=\"\" loading=\"lazy\"  \/><\/a><br \/>\n                            <a rel=\"nofollow noopener\" target=\"_blank\" class=\"title_rel\" href=\"https:\/\/portalcruceros.cl\/marella-cruises-prolongara-sus-travesias-hasta-julio-proximo-a-causa-de-la-pandemia\/\">Marella Cruises prolongar\u00e1 la suspensi\u00f3n de traves\u00edas hasta julio pr\u00f3ximo a causa de la pandemia<\/a>\n                        <\/li>\n<li>\n                            <a rel=\"nofollow noopener\" target=\"_blank\" class=\"thumb_rel\" href=\"https:\/\/portalcruceros.cl\/cunard-presenta-sus-vueltas-al-mundo-para-2023\/\"><img decoding=\"async\" width=\"1024\" height=\"702\" src=\"https:\/\/dimensionturistica.com\/es\/wp-content\/uploads\/2021\/03\/1615645627_91_Grecia-MSC-Lirica-sufre-incendio-durante-estadia-en-Puerto-de.jpg\" class=\"attachment-post-thumbnail size-post-thumbnail wp-post-image\" alt=\"\" loading=\"lazy\"  \/><\/a><br \/>\n                            <a rel=\"nofollow noopener\" target=\"_blank\" class=\"title_rel\" href=\"https:\/\/portalcruceros.cl\/cunard-presenta-sus-vueltas-al-mundo-para-2023\/\">Cunard presenta sus Vueltas al Mundo para 2023<\/a>\n                        <\/li>\n<li>\n                            <a rel=\"nofollow noopener\" target=\"_blank\" class=\"thumb_rel\" href=\"https:\/\/portalcruceros.cl\/celebrity-cruises-explorara-las-islas-galapagos-en-2023-con-tres-itinerarios\/\"><img decoding=\"async\" width=\"800\" height=\"454\" src=\"https:\/\/dimensionturistica.com\/es\/wp-content\/uploads\/2021\/03\/1615645628_902_Grecia-MSC-Lirica-sufre-incendio-durante-estadia-en-Puerto-de.jpg\" class=\"attachment-post-thumbnail size-post-thumbnail wp-post-image\" alt=\"\" loading=\"lazy\"  \/><\/a><br \/>\n                            <a rel=\"nofollow noopener\" target=\"_blank\" class=\"title_rel\" href=\"https:\/\/portalcruceros.cl\/celebrity-cruises-explorara-las-islas-galapagos-en-2023-con-tres-itinerarios\/\">Celebrity Cruises explorar\u00e1 las Islas Gal\u00e1pagos en 2023 con tres itinerarios<\/a>\n                        <\/li>\n<\/ul><\/div>\n<div class=\"rel_posts\">\n<ul>\n<li>\n                            <a rel=\"nofollow noopener\" target=\"_blank\" class=\"thumb_rel\" href=\"https:\/\/portalcruceros.cl\/cunard-enfrenta-paralizacion-de-servicios-con-viajes-por-reino-unido-a-bordo-del-queen-elizabeth\/\"><img decoding=\"async\" width=\"1000\" height=\"550\" src=\"https:\/\/dimensionturistica.com\/es\/wp-content\/uploads\/2021\/03\/Cunard-enfrenta-paralizacion-de-servicios-con-viajes-por-Reino-Unido.jpg\" class=\"attachment-post-thumbnail size-post-thumbnail wp-post-image\" alt=\"\" loading=\"lazy\"  \/><\/a><br \/>\n                            <a rel=\"nofollow noopener\" target=\"_blank\" class=\"title_rel\" href=\"https:\/\/portalcruceros.cl\/cunard-enfrenta-paralizacion-de-servicios-con-viajes-por-reino-unido-a-bordo-del-queen-elizabeth\/\">Cunard enfrenta paralizaci\u00f3n de servicios con viajes por Reino Unido a bordo del Queen Elizabeth<\/a>\n                        <\/li>\n<li>\n                            <a rel=\"nofollow noopener\" target=\"_blank\" class=\"thumb_rel\" href=\"https:\/\/portalcruceros.cl\/crystal-cruises-lanza-su-serie-de-cruceros-bahamas-escapes-desde-nassau-y-bimini-a-partir-de-julio-de-2021\/\"><img decoding=\"async\" width=\"600\" height=\"479\" src=\"https:\/\/dimensionturistica.com\/es\/wp-content\/uploads\/2021\/03\/Crystal-Cruises-lanza-su-serie-de-cruceros-Bahamas-Escapes-desde.jpg\" class=\"attachment-post-thumbnail size-post-thumbnail wp-post-image\" alt=\"\" loading=\"lazy\"\/><\/a><br \/>\n                            <a rel=\"nofollow noopener\" target=\"_blank\" class=\"title_rel\" href=\"https:\/\/portalcruceros.cl\/crystal-cruises-lanza-su-serie-de-cruceros-bahamas-escapes-desde-nassau-y-bimini-a-partir-de-julio-de-2021\/\">Crystal Cruises lanza su serie de cruceros \u201cBahamas Escapes\u201d desde Nassau y Bimini a partir de julio de 2021<\/a>\n                        <\/li>\n<li>\n                            <a rel=\"nofollow noopener\" target=\"_blank\" class=\"thumb_rel\" href=\"https:\/\/portalcruceros.cl\/coquimbo-y-san-antonio-son-parte-de-nuevos-cruceros-de-seabourn-venture-en-2022\/\"><img decoding=\"async\" width=\"600\" height=\"316\" src=\"https:\/\/dimensionturistica.com\/es\/wp-content\/uploads\/2021\/03\/Coquimbo-y-San-Antonio-son-parte-de-nuevos-cruceros-de.jpg\" class=\"attachment-post-thumbnail size-post-thumbnail wp-post-image\" alt=\"\" loading=\"lazy\"  \/><\/a><br \/>\n                            <a rel=\"nofollow noopener\" target=\"_blank\" class=\"title_rel\" href=\"https:\/\/portalcruceros.cl\/coquimbo-y-san-antonio-son-parte-de-nuevos-cruceros-de-seabourn-venture-en-2022\/\">Coquimbo y San Antonio son parte de nuevos cruceros de Seabourn Venture en 2022<\/a>\n                        <\/li>\n<\/ul><\/div>\n<p>   <!-- fin notas relacionadas --><\/p><\/div>\n<p><script async src=\"\/\/platform.twitter.com\/widgets.js\" charset=\"utf-8\"><\/script><br \/>\n<br \/><\/p>\n<p><em> &#8221; Fuentes portalcruceros.cl &#8221; <\/em><\/p>\n","protected":false},"excerpt":{"rendered":"<p>Por Redacci\u00f3n PortalCruceros.cl @PortalCruceros El MSC Lirica, que se encuentra en el Puerto de Corf\u00fa, en Grecia, se vio afectado por un incendio a bordo. El hecho se registr\u00f3 a eso de las 3.42 pm hora native de Corf\u00fa en el sector de los botes salvavidas alojados en la cubierta 6 del crucero. A ra\u00edz [&hellip;]<\/p>\n","protected":false},"author":4,"featured_media":95302,"comment_status":"open","ping_status":"closed","sticky":false,"template":"","format":"standard","meta":{"om_disable_all_campaigns":false,"jnews-multi-image_gallery":[],"jnews_single_post":[],"jnews_primary_category":[],"jnews_social_meta":[],"footnotes":""},"categories":[41],"tags":[],"class_list":["post-95301","post","type-post","status-publish","format-standard","has-post-thumbnail","hentry","category-cruceros"],"_links":{"self":[{"href":"https:\/\/dimensionturistica.com\/es\/wp-json\/wp\/v2\/posts\/95301","targetHints":{"allow":["GET"]}}],"collection":[{"href":"https:\/\/dimensionturistica.com\/es\/wp-json\/wp\/v2\/posts"}],"about":[{"href":"https:\/\/dimensionturistica.com\/es\/wp-json\/wp\/v2\/types\/post"}],"author":[{"embeddable":true,"href":"https:\/\/dimensionturistica.com\/es\/wp-json\/wp\/v2\/users\/4"}],"replies":[{"embeddable":true,"href":"https:\/\/dimensionturistica.com\/es\/wp-json\/wp\/v2\/comments?post=95301"}],"version-history":[{"count":0,"href":"https:\/\/dimensionturistica.com\/es\/wp-json\/wp\/v2\/posts\/95301\/revisions"}],"wp:featuredmedia":[{"embeddable":true,"href":"https:\/\/dimensionturistica.com\/es\/wp-json\/wp\/v2\/media\/95302"}],"wp:attachment":[{"href":"https:\/\/dimensionturistica.com\/es\/wp-json\/wp\/v2\/media?parent=95301"}],"wp:term":[{"taxonomy":"category","embeddable":true,"href":"https:\/\/dimensionturistica.com\/es\/wp-json\/wp\/v2\/categories?post=95301"},{"taxonomy":"post_tag","embeddable":true,"href":"https:\/\/dimensionturistica.com\/es\/wp-json\/wp\/v2\/tags?post=95301"}],"curies":[{"name":"wp","href":"https:\/\/api.w.org\/{rel}","templated":true}]}}