{"id":95293,"date":"2021-03-13T14:18:12","date_gmt":"2021-03-13T14:18:12","guid":{"rendered":"https:\/\/dimensionturistica.com\/es\/?p=95293"},"modified":"2021-03-13T14:18:12","modified_gmt":"2021-03-13T14:18:12","slug":"msc-investiga-el-incendio-a-bordo-de-su-crucero-lirica","status":"publish","type":"post","link":"https:\/\/dimensionturistica.com\/es\/msc-investiga-el-incendio-a-bordo-de-su-crucero-lirica\/","title":{"rendered":"MSC investiga el incendio a bordo de su crucero Lirica"},"content":{"rendered":"<p> <br \/>\n<\/p>\n<div>\n<h4><strong>Redacci\u00f3n Caribbean Information Digital<\/strong><\/h4>\n<p>MSC Cruceros ha abierto una investigaci\u00f3n despu\u00e9s de que se iniciara un incendio en un bote salvavidas a bordo del MSC Lirica en Corf\u00fa, Grecia.\u00a0<\/p>\n<p>Los servicios de emergencia recibieron una llamada desde el barco a las 15:40 hora native de Grecia este viernes (12 de marzo) para hacer frente al incendio, que seg\u00fan MSC se hab\u00eda originado en uno de sus botes salvavidas de fibra de vidrio del lado de estribor.<\/p>\n<p>Los v\u00eddeos e im\u00e1genes publicados en las redes sociales mostraban las llamas y el humo negro que sal\u00eda del buque, que actualmente se encuentra en la isla griega.<\/p>\n<p>El incidente se comunic\u00f3 al Centro de Apoyo Mar\u00edtimo de MSC en Londres y el incendio se control\u00f3 y se declar\u00f3 finalizado poco antes de las 19.00 horas (hora native). No hubo heridos entre los 51 tripulantes a bordo del barco en ese momento.<\/p>\n<p>MSC dijo que una evaluaci\u00f3n preliminar indicaba que no hab\u00eda da\u00f1os en el inside del buque y que se estaba llevando a cabo una investigaci\u00f3n completa sobre el siniestro.<\/p>\n<\/div>\n<p><script>!function(f,b,e,v,n,t,s){if(f.fbq)return;n=f.fbq=function(){n.callMethod?n.callMethod.apply(n,arguments):n.queue.push(arguments)};if(!f._fbq)f._fbq=n;n.push=n;n.loaded=!0;n.version='2.0';n.queue=[];t=b.createElement(e);t.async=!0;t.src=v;s=b.getElementsByTagName(e)[0];s.parentNode.insertBefore(t,s)}(window,document,'script','https:\/\/connect.facebook.net\/en_US\/fbevents.js');fbq('init','1464046990282831',[],{\"agent\":\"pldrupal-8-8.8.6\"});fbq('track','PageView',[]);<\/script><script>!function(f,b,e,v,n,t,s){if(f.fbq)return;n=f.fbq=function(){n.callMethod?n.callMethod.apply(n,arguments):n.queue.push(arguments)};if(!f._fbq)f._fbq=n;n.push=n;n.loaded=!0;n.version='2.0';n.queue=[];t=b.createElement(e);t.async=!0;t.src=v;s=b.getElementsByTagName(e)[0];s.parentNode.insertBefore(t,s)}(window,document,'script','https:\/\/connect.facebook.net\/en_US\/fbevents.js');fbq('init','1464046990282831');fbq('track','PageView');<\/script><br \/>\n<br \/><\/p>\n<p><em> &#8221; Fuentes www.caribbeannewsdigital.com &#8221; <\/em><\/p>\n","protected":false},"excerpt":{"rendered":"<p>Redacci\u00f3n Caribbean Information Digital MSC Cruceros ha abierto una investigaci\u00f3n despu\u00e9s de que se iniciara un incendio en un bote salvavidas a bordo del MSC Lirica en Corf\u00fa, Grecia.\u00a0 Los servicios de emergencia recibieron una llamada desde el barco a las 15:40 hora native de Grecia este viernes (12 de marzo) para hacer frente al [&hellip;]<\/p>\n","protected":false},"author":4,"featured_media":0,"comment_status":"open","ping_status":"closed","sticky":false,"template":"","format":"standard","meta":{"om_disable_all_campaigns":false,"jnews-multi-image_gallery":[],"jnews_single_post":[],"jnews_primary_category":[],"jnews_social_meta":[],"footnotes":""},"categories":[41],"tags":[],"class_list":["post-95293","post","type-post","status-publish","format-standard","hentry","category-cruceros"],"_links":{"self":[{"href":"https:\/\/dimensionturistica.com\/es\/wp-json\/wp\/v2\/posts\/95293","targetHints":{"allow":["GET"]}}],"collection":[{"href":"https:\/\/dimensionturistica.com\/es\/wp-json\/wp\/v2\/posts"}],"about":[{"href":"https:\/\/dimensionturistica.com\/es\/wp-json\/wp\/v2\/types\/post"}],"author":[{"embeddable":true,"href":"https:\/\/dimensionturistica.com\/es\/wp-json\/wp\/v2\/users\/4"}],"replies":[{"embeddable":true,"href":"https:\/\/dimensionturistica.com\/es\/wp-json\/wp\/v2\/comments?post=95293"}],"version-history":[{"count":0,"href":"https:\/\/dimensionturistica.com\/es\/wp-json\/wp\/v2\/posts\/95293\/revisions"}],"wp:attachment":[{"href":"https:\/\/dimensionturistica.com\/es\/wp-json\/wp\/v2\/media?parent=95293"}],"wp:term":[{"taxonomy":"category","embeddable":true,"href":"https:\/\/dimensionturistica.com\/es\/wp-json\/wp\/v2\/categories?post=95293"},{"taxonomy":"post_tag","embeddable":true,"href":"https:\/\/dimensionturistica.com\/es\/wp-json\/wp\/v2\/tags?post=95293"}],"curies":[{"name":"wp","href":"https:\/\/api.w.org\/{rel}","templated":true}]}}